{"id":89313,"date":"2022-04-26T17:21:13","date_gmt":"2022-04-26T20:21:13","guid":{"rendered":"https:\/\/primicias2262.com\/?p=89313"},"modified":"2022-04-26T17:21:13","modified_gmt":"2022-04-26T20:21:13","slug":"el-lago-de-los-cisnes-ya-tiene-asociacion-civil-y-suenan-con-un-centro-de-recuperacion-de-fauna-autoctona","status":"publish","type":"post","link":"https:\/\/primicias2262.com\/noticias\/el-lago-de-los-cisnes-ya-tiene-asociacion-civil-y-suenan-con-un-centro-de-recuperacion-de-fauna-autoctona\/","title":{"rendered":"El Lago de los Cisnes ya tiene asociaci\u00f3n civil y sue\u00f1an con un centro de recuperaci\u00f3n de fauna aut\u00f3ctona"},"content":{"rendered":"<p>Daniel Carri\u00f3n, titular de la licitaci\u00f3n del predio, visit\u00f3 el piso de Voces de la Ciudad para hablar de la conformaci\u00f3n de la flamante entidad y las metas que se proponen en un futuro no tan lejano.<\/p>\n<p>Terminado un verano que sigue cosechando \u00e9xitos, Daniel Carri\u00f3n, titular de la licitaci\u00f3n del Lago de los Cisnes, visit\u00f3 el piso de Voces de la Ciudad para hablar de la conformaci\u00f3n de una asociaci\u00f3n civil que bregar\u00e1 en pos de seguir haciendo mejoras para el lugar, incluyendo la posible construcci\u00f3n de un centro de recuperaci\u00f3n de fauna aut\u00f3ctona.<\/p>\n<p>Luego de comentar sobre la temporada que \u201cfue muy buena y ya se empez\u00f3 a vivir all\u00e1 por noviembre, con mucha gente de Necochea y la zona\u201d, el emprendedor refiri\u00f3 que la nueva entidad ser\u00e1 denominada \u201cAmigos del Lago de los Cisnes\u201d y que ya cuenta con personer\u00eda jur\u00eddica.<\/p>\n<p>Con las expectativas crecientes del caso, aprovech\u00f3 el aire de la FM Vinilo 103.5 MHz para revelar que tendr\u00e1 como presidenta a la veterinaria Yanina Benavidez y que esto permitir\u00e1 \u201ctener la posibilidad de que varias empresas colaboren solidariamente\u201d con la causa.<\/p>\n<p>Y justamente la causa no es menor en este caso, porque el ambicioso proyecto que se quiere llevar adelante en el predio, que este fin de semana pasado fue visitado en su mayor\u00eda por marplatenses, pretende la construcci\u00f3n de un refugio \u201cpara la recuperaci\u00f3n de animales aut\u00f3ctonos, a trav\u00e9s de acuerdos con Provincia, (el parque marino) Aquarium y varias instituciones, como Piscicultura\u201d municipal.<\/p>\n<p>La flamante asociaci\u00f3n civil tiene como objetivo generar un espacio de participaci\u00f3n para las personas, empresas e instituciones con intenci\u00f3n de sumarse a apoyar actividades \u201cque hagan foco en el entorno natural de la regi\u00f3n, para as\u00ed fomentar un v\u00ednculo responsable de los visitantes con la naturaleza y con su propio tiempo libre\u201d.<\/p>\n<p>Las posibilidades para colaborar con la iniciativa son cuatro: ser Socio Benefactor, realizar donaciones, apadrinar un animal o esponsorear una actividad, sectores del predio o animales; para lo cual los interesados pueden contactarse con el mail amigos@lagodeloscisnes.ar o comunicarse con al tel\u00e9fono 2262 576407.<\/p>\n<p>Pero adem\u00e1s de esta bienvenida propuesta, Carri\u00f3n cont\u00f3 que, como emprendimiento, el Lago tambi\u00e9n tiene otras metas cercanas. Entre ellas, \u201cya est\u00e1n trabajando los arquitectos para hacer una reforma en todo lo que es corrales, que son todos nuevos, pero vamos a usar m\u00e1s partes del predio para hacer todo un camino que tenga salida al mar. Va a ser lindo porque va a cambiar el formato, con un sendero nuevo por dentro del m\u00e9dano\u201d.<\/p>\n<p>\u201cEl Lago ha tenido una excelente recepci\u00f3n, a la gente le gusta mucho el lugar\u201d y \u201cnos sorprendi\u00f3 much\u00edsimo la necesidad de interactuar con los animales\u201d, confes\u00f3 el empresario en la FM Vinilo, adelantando que, si todo va sobre rieles, en otra etapa del proyecto, en un par de veranos se comenzar\u00e1n a construir otros ocho departamentos que terminar\u00e1n por completar el hermoso apart hotel que ya se ha transformado en un s\u00edmbolo y una postal de la ciudad.<\/p>\n","protected":false},"excerpt":{"rendered":"<p>Daniel Carri\u00f3n, titular de la licitaci\u00f3n del predio, visit\u00f3 el piso de Voces de la Ciudad para hablar de la conformaci\u00f3n de la flamante entidad y las metas que se proponen en un futuro no tan lejano. Terminado un verano que sigue cosechando \u00e9xitos, Daniel Carri\u00f3n, titular de la licitaci\u00f3n del Lago de los Cisnes, [&hellip;]<\/p>\n","protected":false},"author":3,"featured_media":89314,"comment_status":"closed","ping_status":"closed","sticky":false,"template":"","format":"standard","meta":{"footnotes":""},"categories":[3],"tags":[],"class_list":["post-89313","post","type-post","status-publish","format-standard","has-post-thumbnail","category-masnoticias"],"_links":{"self":[{"href":"https:\/\/primicias2262.com\/noticias\/wp-json\/wp\/v2\/posts\/89313","targetHints":{"allow":["GET"]}}],"collection":[{"href":"https:\/\/primicias2262.com\/noticias\/wp-json\/wp\/v2\/posts"}],"about":[{"href":"https:\/\/primicias2262.com\/noticias\/wp-json\/wp\/v2\/types\/post"}],"author":[{"embeddable":true,"href":"https:\/\/primicias2262.com\/noticias\/wp-json\/wp\/v2\/users\/3"}],"replies":[{"embeddable":true,"href":"https:\/\/primicias2262.com\/noticias\/wp-json\/wp\/v2\/comments?post=89313"}],"version-history":[{"count":0,"href":"https:\/\/primicias2262.com\/noticias\/wp-json\/wp\/v2\/posts\/89313\/revisions"}],"wp:attachment":[{"href":"https:\/\/primicias2262.com\/noticias\/wp-json\/wp\/v2\/media?parent=89313"}],"wp:term":[{"taxonomy":"category","embeddable":true,"href":"https:\/\/primicias2262.com\/noticias\/wp-json\/wp\/v2\/categories?post=89313"},{"taxonomy":"post_tag","embeddable":true,"href":"https:\/\/primicias2262.com\/noticias\/wp-json\/wp\/v2\/tags?post=89313"}],"curies":[{"name":"wp","href":"https:\/\/api.w.org\/{rel}","templated":true}]}}