{"id":89331,"date":"2022-04-27T11:03:01","date_gmt":"2022-04-27T14:03:01","guid":{"rendered":"https:\/\/primicias2262.com\/?p=89331"},"modified":"2022-04-27T11:03:01","modified_gmt":"2022-04-27T14:03:01","slug":"el-proximo-sabado-inicia-el-ciclo-de-tango-del-centro-cultural-local","status":"publish","type":"post","link":"https:\/\/primicias2262.com\/noticias\/el-proximo-sabado-inicia-el-ciclo-de-tango-del-centro-cultural-local\/","title":{"rendered":"El pr\u00f3ximo s\u00e1bado inicia el Ciclo de Tango del Centro Cultural local"},"content":{"rendered":"<p><strong>Este 30 de abril habr\u00e1 clases, pr\u00e1cticas y milongas en la instituci\u00f3n ubicada en calle 54 entre 61 y 63.<\/strong><\/p>\n<p>El Centro Cultural Necochea y Biblioteca Popular Andr\u00e9s Ferreyra dar\u00e1 inicio al Ciclo de Tango el pr\u00f3ximo s\u00e1bado 30 de abril a partir de las 20. Las actividades ser\u00e1n quincenales e incluyen clases, pr\u00e1cticas y milongas, coordinadas por Agustina Russo y Mat\u00edas \u00c1lvarez.<\/p>\n<p>\u201cEl foco de las clases ser\u00e1 sumar nuevos bailarines\/as al tango, por lo que \u00e9stas estar\u00e1n orientadas a principiantes, es decir a personas que tengan poco conocimiento o ninguno a la disciplina\u201d. No obstante, \u201cse podr\u00e1n sumar quienes tengan conocimiento previo ya que se trabajar\u00e1 con una metodolog\u00eda que brinda herramientas \u00fatiles para la danza\u201d, se\u00f1alaron los profesores.<\/p>\n<p>Las actividades en este Ciclo de Tango se desarrollar\u00e1n cada 15 d\u00edas, y la primera &#8211; el s\u00e1bado 30 de abril- ser\u00e1 una clase de tango para principiantes seguido de una milonga que ser\u00e1 abierta a todo p\u00fablico.<\/p>\n<p>En el primer encuentro que ser\u00e1 el s\u00e1bado 30 de abril, habr\u00e1 iniciaci\u00f3n al tango (20:00 horas) + milonga (21:30 horas). El arancel es de 300 pesos la clase, y de 400 pesos la milonga. En caso de asistir a las dos propuestas (clase+ milonga): 600 pesos.<\/p>\n<p>Las actividades se realizar\u00e1n en el audit\u00f3rium del CCN\/BPAF, ubicado en calle 54 entre 61 y 63.<\/p>\n<p><a href=\"https:\/\/primicias2262.com\/wp-content\/uploads\/2021\/03\/biblioteca.jpg\"><img loading=\"lazy\" decoding=\"async\" class=\"aligncenter size-full wp-image-73801\" src=\"https:\/\/primicias2262.com\/wp-content\/uploads\/2021\/03\/biblioteca.jpg\" alt=\"\" width=\"1280\" height=\"720\" \/><\/a><\/p>\n","protected":false},"excerpt":{"rendered":"<p>Este 30 de abril habr\u00e1 clases, pr\u00e1cticas y milongas en la instituci\u00f3n ubicada en calle 54 entre 61 y 63. El Centro Cultural Necochea y Biblioteca Popular Andr\u00e9s Ferreyra dar\u00e1 inicio al Ciclo de Tango el pr\u00f3ximo s\u00e1bado 30 de abril a partir de las 20. Las actividades ser\u00e1n quincenales e incluyen clases, pr\u00e1cticas y [&hellip;]<\/p>\n","protected":false},"author":3,"featured_media":89332,"comment_status":"closed","ping_status":"closed","sticky":false,"template":"","format":"standard","meta":{"footnotes":""},"categories":[3],"tags":[],"class_list":["post-89331","post","type-post","status-publish","format-standard","has-post-thumbnail","category-masnoticias"],"_links":{"self":[{"href":"https:\/\/primicias2262.com\/noticias\/wp-json\/wp\/v2\/posts\/89331","targetHints":{"allow":["GET"]}}],"collection":[{"href":"https:\/\/primicias2262.com\/noticias\/wp-json\/wp\/v2\/posts"}],"about":[{"href":"https:\/\/primicias2262.com\/noticias\/wp-json\/wp\/v2\/types\/post"}],"author":[{"embeddable":true,"href":"https:\/\/primicias2262.com\/noticias\/wp-json\/wp\/v2\/users\/3"}],"replies":[{"embeddable":true,"href":"https:\/\/primicias2262.com\/noticias\/wp-json\/wp\/v2\/comments?post=89331"}],"version-history":[{"count":0,"href":"https:\/\/primicias2262.com\/noticias\/wp-json\/wp\/v2\/posts\/89331\/revisions"}],"wp:attachment":[{"href":"https:\/\/primicias2262.com\/noticias\/wp-json\/wp\/v2\/media?parent=89331"}],"wp:term":[{"taxonomy":"category","embeddable":true,"href":"https:\/\/primicias2262.com\/noticias\/wp-json\/wp\/v2\/categories?post=89331"},{"taxonomy":"post_tag","embeddable":true,"href":"https:\/\/primicias2262.com\/noticias\/wp-json\/wp\/v2\/tags?post=89331"}],"curies":[{"name":"wp","href":"https:\/\/api.w.org\/{rel}","templated":true}]}}