{"id":89338,"date":"2022-04-27T11:14:34","date_gmt":"2022-04-27T14:14:34","guid":{"rendered":"https:\/\/primicias2262.com\/?p=89338"},"modified":"2022-04-27T11:14:34","modified_gmt":"2022-04-27T14:14:34","slug":"natali-carrizo-parte-esta-semana-hacia-los-juegos-olimpicos-para-sordos","status":"publish","type":"post","link":"https:\/\/primicias2262.com\/noticias\/natali-carrizo-parte-esta-semana-hacia-los-juegos-olimpicos-para-sordos\/","title":{"rendered":"Natal\u00ed Carrizo parte esta semana hacia los Juegos Ol\u00edmpicos para Sordos"},"content":{"rendered":"<p><strong>\u00abNatal\u00ed es un orgullo para Necochea\u00bb, enfatiz\u00f3 la directora de Deportes, Guadalupe Hern\u00e1nez, en el marco de la despedida que se le hizo a la nadadora local en la Secretar\u00eda de Turismo.<\/strong><\/p>\n<p>A pocas horas de emprender viaje hacia Brasil con la delegaci\u00f3n argentina de los Juegos Ol\u00edmpicos para Sordos, la nadadora de la Escuela Municipal \u201cTodos al Agua\u201d, Natal\u00ed Carrizo, fue recibida en la Secretar\u00eda de Turismo por Mat\u00edas Sierra y la directora de Deportes, Guadalupe Hern\u00e1ndez, quienes brindaron una despedida a la embajadora necochense.<\/p>\n<p>Acompa\u00f1ada por su entrenador y coordinador de la Escuela Municipal, Marcos Bertone; por su mam\u00e1 y una de sus hermanas, y por la responsable del \u00c1rea de Discapacidad e int\u00e9rprete, Camila Bianchi, Natal\u00ed se mostr\u00f3 muy agradecida en la previa de su segundo viaje competitivo de car\u00e1cter internacional, tras su presencia en el Mundial de Gliwice, Polonia, el a\u00f1o pasado.<\/p>\n<p>Luego de recibir la felicitaci\u00f3n y los mejores augurios por parte del secretario de Turismo, Mat\u00edas Sierra, Carrizo pos\u00f3 para la foto en la terraza de la Secretar\u00eda, donde acto seguido, Guadalupe Hern\u00e1ndez afirm\u00f3 que \u201cNatal\u00ed es un orgullo para Necochea\u201d, ya que \u201cMarcos (Bertone) nos comentaba que en todo el pa\u00eds son s\u00f3lo tres los nadadores que van a estos juegos, y una es nuestra\u201d, y en ese sentido se\u00f1al\u00f3 que \u201cno dejamos de reconocer todo el esfuerzo que hay para este viaje. Marcos pone muchas horas de su trabajo para lograr esto, as\u00ed que simplemente felicitarlos y agradecerles por esta oportunidad para Natal\u00ed\u201d.<\/p>\n<p><a href=\"https:\/\/primicias2262.com\/wp-content\/uploads\/2022\/04\/FOTO-despedida-Natali-Carrizo2.jpeg\"><img loading=\"lazy\" decoding=\"async\" class=\"aligncenter size-full wp-image-89340\" src=\"https:\/\/primicias2262.com\/wp-content\/uploads\/2022\/04\/FOTO-despedida-Natali-Carrizo2.jpeg\" alt=\"\" width=\"1280\" height=\"853\" \/><\/a><\/p>\n<p>A nivel log\u00edstico, Marcos Bertone notific\u00f3 que \u201cvamos a estar saliendo este jueves a la hora 13. Cuando lleguemos a Buenos Aires vamos a alojarnos en la casa de Diana Valentini (que es otra de las nadadoras de la delegaci\u00f3n); el viernes a las 11 de la ma\u00f1ana en el Aeroparque nos despide la secretaria de Deportes de la Naci\u00f3n, In\u00e9s Arrondo, y salimos a las 15 para Belo Horizonte, y de ah\u00ed en micro hacia Caxias do Sul. El domingo 1\u00ba de mayo es el acto inaugural y a partir del 4 ya inician las competencias\u201d.<\/p>\n<p>Precisamente, el entrenador (quien a su vez viaja como segundo T\u00e9cnico de la Selecci\u00f3n Nacional) inform\u00f3 que \u201cNatal\u00ed comienza a competir el 4 de mayo con los 200 metros libres, sigue al otro d\u00eda con los 50 metros libres; el 7 de mayo con los 100 metros libres y cierra su competencia el 9 de mayo con los 400 metros libres\u201d.<\/p>\n<p>\u201cEstamos muy contentos y cansados porque esto exige mucha demanda de preparaci\u00f3n, Natal\u00ed sigue entrenando antes de viajar y vamos con la esperanza de mejorar los resultados\u201d, sostuvo Bertone, reconociendo que \u201cel nivel mundial es muy alto y todav\u00eda estamos en un proceso de desarrollo deportivo. Ella llega despu\u00e9s de tres a\u00f1os de competir a nivel nacional y de llegar a la instancia internacional en el Mundial de Polonia, y si bien ahora apuntamos a esta competencia, lo m\u00e1s importante es llegar al a\u00f1o que viene al Mundial de Argentina\u201d.<\/p>\n","protected":false},"excerpt":{"rendered":"<p>\u00abNatal\u00ed es un orgullo para Necochea\u00bb, enfatiz\u00f3 la directora de Deportes, Guadalupe Hern\u00e1nez, en el marco de la despedida que se le hizo a la nadadora local en la Secretar\u00eda de Turismo. A pocas horas de emprender viaje hacia Brasil con la delegaci\u00f3n argentina de los Juegos Ol\u00edmpicos para Sordos, la nadadora de la Escuela [&hellip;]<\/p>\n","protected":false},"author":3,"featured_media":89339,"comment_status":"closed","ping_status":"closed","sticky":false,"template":"","format":"standard","meta":{"footnotes":""},"categories":[3],"tags":[],"class_list":["post-89338","post","type-post","status-publish","format-standard","has-post-thumbnail","category-masnoticias"],"_links":{"self":[{"href":"https:\/\/primicias2262.com\/noticias\/wp-json\/wp\/v2\/posts\/89338","targetHints":{"allow":["GET"]}}],"collection":[{"href":"https:\/\/primicias2262.com\/noticias\/wp-json\/wp\/v2\/posts"}],"about":[{"href":"https:\/\/primicias2262.com\/noticias\/wp-json\/wp\/v2\/types\/post"}],"author":[{"embeddable":true,"href":"https:\/\/primicias2262.com\/noticias\/wp-json\/wp\/v2\/users\/3"}],"replies":[{"embeddable":true,"href":"https:\/\/primicias2262.com\/noticias\/wp-json\/wp\/v2\/comments?post=89338"}],"version-history":[{"count":0,"href":"https:\/\/primicias2262.com\/noticias\/wp-json\/wp\/v2\/posts\/89338\/revisions"}],"wp:attachment":[{"href":"https:\/\/primicias2262.com\/noticias\/wp-json\/wp\/v2\/media?parent=89338"}],"wp:term":[{"taxonomy":"category","embeddable":true,"href":"https:\/\/primicias2262.com\/noticias\/wp-json\/wp\/v2\/categories?post=89338"},{"taxonomy":"post_tag","embeddable":true,"href":"https:\/\/primicias2262.com\/noticias\/wp-json\/wp\/v2\/tags?post=89338"}],"curies":[{"name":"wp","href":"https:\/\/api.w.org\/{rel}","templated":true}]}}