{"id":89346,"date":"2022-04-27T16:50:32","date_gmt":"2022-04-27T19:50:32","guid":{"rendered":"https:\/\/primicias2262.com\/?p=89346"},"modified":"2022-04-27T16:50:32","modified_gmt":"2022-04-27T19:50:32","slug":"berni-y-rojas-presentaron-seis-nuevos-moviles-y-anunciaron-fondo-millonario-para-la-seguridad","status":"publish","type":"post","link":"https:\/\/primicias2262.com\/noticias\/berni-y-rojas-presentaron-seis-nuevos-moviles-y-anunciaron-fondo-millonario-para-la-seguridad\/","title":{"rendered":"Berni y Rojas presentaron seis nuevos m\u00f3viles y anunciaron fondo millonario para la seguridad"},"content":{"rendered":"<p><strong>El intendente Arturo Rojas y el ministro de Seguridad de la Provincia, Sergio Berni, presentaron en la puerta del municipio seis nuevos m\u00f3viles 4&#215;4 para la Patrulla Rural, tan necesarios dado el derrotero diario que tienen recorriendo los kil\u00f3metros de campos en procura de m\u00e1s seguridad. Al tiempo que, luego de reunirse mano a mano en el despacho, anunciaron en conferencia de prensa un fondo de 48 de millones de pesos que la Provincia destinar\u00e1 al municipio para volcar en seguridad, adem\u00e1s de 10 nuevos patrulleros que reforzar\u00e1n la polic\u00eda urbana.<\/strong><\/p>\n<p>\u201cTen\u00edamos la necesidad de tener m\u00f3viles en condiciones y el Ministro vino a dar respuesta concreta con seis unidades 4&#215;4 0 kil\u00f3metro para la Patrulla Rural\u201d se\u00f1alo en el inicio el jefe comunal y ante la prensa que se acerc\u00f3 al Sal\u00f3n de Actos de la comuna.<\/p>\n<p><a href=\"https:\/\/primicias2262.com\/wp-content\/uploads\/2022\/04\/IMG-20220427-WA0076.jpg\"><img loading=\"lazy\" decoding=\"async\" class=\"aligncenter size-full wp-image-89349\" src=\"https:\/\/primicias2262.com\/wp-content\/uploads\/2022\/04\/IMG-20220427-WA0076.jpg\" alt=\"\" width=\"1280\" height=\"853\" \/><\/a><\/p>\n<p>No obstante, el Intendente admiti\u00f3 que \u201cseguramente tambi\u00e9n renovaremos la flota urbana en los pr\u00f3ximos meses\u201d al tiempo que acot\u00f3 que de hecho \u201calgo de esos 48 millones de pesos que pronto vendr\u00e1n desde la Provincia al municipio ser\u00e1n destinados a restaurar parte de esa flota, adem\u00e1s de 10 nuevos patrulleros que nos enviar\u00e1n desde el Ministerio de Seguridad\u201d.<\/p>\n<p>Berni, por su parte, manifest\u00f3 que \u201cpara nosotros la actividad agropecuaria es extremadamente importante, y el reclamo en materia de seguridad rural, para el gobernador Axel Kicillof que en campa\u00f1a recorri\u00f3 toda la Provincia, era tan leg\u00edtimo como complejo, y es por ello que decidi\u00f3 tomar decisiones de fondo, como por ejemplo formar la escuela de polic\u00eda rural adem\u00e1s de renovar el 100% de los m\u00f3viles\u201d.<\/p>\n<p><a href=\"https:\/\/primicias2262.com\/wp-content\/uploads\/2022\/04\/IMG-20220427-WA0074.jpg\"><img loading=\"lazy\" decoding=\"async\" class=\"aligncenter size-full wp-image-89348\" src=\"https:\/\/primicias2262.com\/wp-content\/uploads\/2022\/04\/IMG-20220427-WA0074.jpg\" alt=\"\" width=\"1280\" height=\"853\" \/><\/a><\/p>\n<p>Con respecto a la reuni\u00f3n con el Intendente, destac\u00f3 en el mismo lineamiento que Rojas que \u201cavanzamos en materia de seguridad urbana, y para ello creamos un fondo de refuerzo de seguridad de 48 millones de pesos, y de hecho ya estamos trabajando con el equipo del Intendente para reforzar el parque automotor con 10 camionetas nuevas\u201d.<\/p>\n<p>\u201cCon estas medidas, Necochea va a tener todos los m\u00f3viles 0 kil\u00f3metro o totalmente puestos a 0 kilometro\u201d cerr\u00f3 a modo de resumen.<\/p>\n<p>&nbsp;<\/p>\n","protected":false},"excerpt":{"rendered":"<p>El intendente Arturo Rojas y el ministro de Seguridad de la Provincia, Sergio Berni, presentaron en la puerta del municipio seis nuevos m\u00f3viles 4&#215;4 para la Patrulla Rural, tan necesarios dado el derrotero diario que tienen recorriendo los kil\u00f3metros de campos en procura de m\u00e1s seguridad. Al tiempo que, luego de reunirse mano a mano [&hellip;]<\/p>\n","protected":false},"author":3,"featured_media":89347,"comment_status":"closed","ping_status":"closed","sticky":false,"template":"","format":"standard","meta":{"footnotes":""},"categories":[3],"tags":[],"class_list":["post-89346","post","type-post","status-publish","format-standard","has-post-thumbnail","category-masnoticias"],"_links":{"self":[{"href":"https:\/\/primicias2262.com\/noticias\/wp-json\/wp\/v2\/posts\/89346","targetHints":{"allow":["GET"]}}],"collection":[{"href":"https:\/\/primicias2262.com\/noticias\/wp-json\/wp\/v2\/posts"}],"about":[{"href":"https:\/\/primicias2262.com\/noticias\/wp-json\/wp\/v2\/types\/post"}],"author":[{"embeddable":true,"href":"https:\/\/primicias2262.com\/noticias\/wp-json\/wp\/v2\/users\/3"}],"replies":[{"embeddable":true,"href":"https:\/\/primicias2262.com\/noticias\/wp-json\/wp\/v2\/comments?post=89346"}],"version-history":[{"count":0,"href":"https:\/\/primicias2262.com\/noticias\/wp-json\/wp\/v2\/posts\/89346\/revisions"}],"wp:attachment":[{"href":"https:\/\/primicias2262.com\/noticias\/wp-json\/wp\/v2\/media?parent=89346"}],"wp:term":[{"taxonomy":"category","embeddable":true,"href":"https:\/\/primicias2262.com\/noticias\/wp-json\/wp\/v2\/categories?post=89346"},{"taxonomy":"post_tag","embeddable":true,"href":"https:\/\/primicias2262.com\/noticias\/wp-json\/wp\/v2\/tags?post=89346"}],"curies":[{"name":"wp","href":"https:\/\/api.w.org\/{rel}","templated":true}]}}