{"id":89351,"date":"2022-04-28T08:48:57","date_gmt":"2022-04-28T11:48:57","guid":{"rendered":"https:\/\/primicias2262.com\/?p=89351"},"modified":"2022-04-28T08:48:57","modified_gmt":"2022-04-28T11:48:57","slug":"santiago-veiga-es-el-nuevo-presidente-de-la-federacion-argentina-de-periodistas-deportivos","status":"publish","type":"post","link":"https:\/\/primicias2262.com\/noticias\/santiago-veiga-es-el-nuevo-presidente-de-la-federacion-argentina-de-periodistas-deportivos\/","title":{"rendered":"Santiago Veiga es el nuevo presidente de la Federaci\u00f3n Argentina de Periodistas Deportivos"},"content":{"rendered":"<p><strong>El periodista radicado en Necochea hace d\u00e9cadas, referente del \u00e1mbito deportivo y exdirector de Prensa de la Municipalidad, fue elegido por unanimidad en la asamblea de la Federaci\u00f3n Argentina de Periodistas Deportivos (FAPED) celebrada en la AFA (Asociaci\u00f3n del F\u00fatbol Argentino), y asumi\u00f3 el nuevo cargo durante los pr\u00f3ximos cuatro a\u00f1os.<\/strong><\/p>\n<p>Veiga, representante del C\u00edrculo de Periodistas Deportivos de Necochea, autor del libro \u00abPer\u00f3n y el deporte\u00bb, y de dilatada trayectoria en el periodismo, sucedi\u00f3 de esta manera en el cargo de presidente de FAPED al oriundo de San Nicol\u00e1s, Cristian Torino.<\/p>\n<p><a href=\"https:\/\/primicias2262.com\/wp-content\/uploads\/2022\/04\/santiago-veiga-faped.jpg\"><img loading=\"lazy\" decoding=\"async\" class=\"aligncenter size-full wp-image-89356\" src=\"https:\/\/primicias2262.com\/wp-content\/uploads\/2022\/04\/santiago-veiga-faped.jpg\" alt=\"\" width=\"1080\" height=\"1080\" \/><\/a><\/p>\n<p>Durante la asamblea de FAPED celebrada en la AFA, se cont\u00f3 con las presencias estelares del presidente de dicha asociaci\u00f3n y anfitri\u00f3n, Claudio \u00abChiqui\u00bb Tapia; del periodista deportivo y experto en estad\u00edsticas, Alejandro Fabbri; y del reconocido entrenador de b\u00e1squet y exDT de la Selecci\u00f3n Nacional, Sergio \u00abOveja\u00bb Hern\u00e1ndez.<\/p>\n<p>Para llegar a la presidencia, Santiago Veiga fue elegido para encabezar la lista Integraci\u00f3n Federal, que como bien se puede ver en su composici\u00f3n, est\u00e1 representada por varias provincias. Adem\u00e1s, Necochea tambi\u00e9n tiene como representante en la lista al periodista Leonardo Menna, como revisor de cuentas titular.<\/p>\n<p><strong>COMISION DIRECTIVA 2021-2025 | FAPED*<\/strong><\/p>\n<p>*Presidente:* Santiago Veiga (Necochea).<\/p>\n<p>*Vicepresidente primero:* Carlos Bernasconi (Chaco).<\/p>\n<p>*Vicepresidente segundo:* Carlos Santos (Chubut).<\/p>\n<p>*Secretario:* Ren\u00e9 Paz (Santiago del Estero).<\/p>\n<p>*Prosecretario:* Patricia Garciarena (Mar del Plata).<\/p>\n<p>*Tesorero:* Luis Antonelli (Venado Tuerto).<\/p>\n<p>*Protesorero:* Aldo Comte (Concepci\u00f3n del Uruguay).<\/p>\n\n<p><strong>*Vocales Titulares*<\/strong><\/p>\n<p>1-Ram\u00f3n \u00c1vila (Santiago del Estero).<\/p>\n<p>2-Leandro Palomieri (Venado Tuerto).<\/p>\n<p>3-Cristian Torino (San Nicol\u00e1s).<\/p>\n<p>4-Edgardo Rivero (Salta).<\/p>\n<p>5-H\u00e9ctor Albano (San Pedro).<\/p>\n<p><strong>*Vocales Suplentes*<\/strong><\/p>\n<p>1-Fernando Zamiruk (Catamarca).<\/p>\n<p>2-Gonzalo Barrientos (Jujuy).<\/p>\n<p>3-Ariel Musante (Mercedes).<\/p>\n<p>4-Carlos Vega (La Rioja).<\/p>\n<p>5-Daniel Poggi (Jun\u00edn).<\/p>\n<p><strong>*REVISORES DE CUENTA TITULARES*<\/strong><\/p>\n<p>1-Leonardo Gabriel Menna (Necochea).<\/p>\n<p>2-Javier Velazco (Formosa).<\/p>\n<p>3-Edison Rodr\u00edguez (Chaco).<\/p>\n<p><strong>*REVISORES DE CUENTA SUPLENTES:*<\/strong><\/p>\n<p>1-Alejo Maimo (Comodoro Rivadavia).<\/p>\n<p>2-Jos\u00e9 Luis Casiva (Villa Mercedes).<\/p>\n<p>3-Rom\u00e1n Baca (San Pedro).<\/p>\n<p><strong>*TRIBUNAL DE HONOR*<\/strong><\/p>\n<p>-Pedro Tacacho (Jujuy).<\/p>\n<p>-Luis Sansalone (San Nicol\u00e1s).<\/p>\n<p>-Osmar Grovas (San Pedro).<\/p>\n<p>-Hugo G\u00f3mez (Chubut).<\/p>\n<p>-Ram\u00f3n Herrera (Catamarca).<\/p>\n<p><strong>*ASESORES REGIONALES*<\/strong><\/p>\n<p>Norte: Jorge Rodr\u00edguez (Tucum\u00e1n).<\/p>\n<p>Norte: Mart\u00edn Reartes (Catamarca).<\/p>\n<p>Centro: Jos\u00e9 Luis L\u00f3pez (Mar del Plata).<\/p>\n<p>Centro: Carlos Franchi (San Nicol\u00e1s).<\/p>\n<p>Oeste: Roberto Olivera (Chilecito).<\/p>\n<p>Cuyo: V\u00edctor Mu\u00f1oz (Villa Mercedes).<\/p>\n<p>Sur: Walter Ar\u00edstides Maciel (Ushuaia).<\/p>\n<p>Sur: Gisel Mor\u00f3n (Chubut).<\/p>\n<p><strong>*PRENSA Y DIFUSI\u00d3N*<\/strong><\/p>\n<p>-Bel\u00e9n Veliz (Santiago del Estero).<\/p>\n<p>-Fernando D\u00edaz (Jujuy)<\/p>\n<p>-Carolina Mitriani (San Nicol\u00e1s)<\/p>\n<p>-Gustavo Burgardt (Olavarr\u00eda).<\/p>\n<p><strong>*PRESIDENTE HONORARIO:*<\/strong><\/p>\n<p>Hugo Lencina (Buenos Aires)<\/p>\n","protected":false},"excerpt":{"rendered":"<p>El periodista radicado en Necochea hace d\u00e9cadas, referente del \u00e1mbito deportivo y exdirector de Prensa de la Municipalidad, fue elegido por unanimidad en la asamblea de la Federaci\u00f3n Argentina de Periodistas Deportivos (FAPED) celebrada en la AFA (Asociaci\u00f3n del F\u00fatbol Argentino), y asumi\u00f3 el nuevo cargo durante los pr\u00f3ximos cuatro a\u00f1os. Veiga, representante del C\u00edrculo [&hellip;]<\/p>\n","protected":false},"author":3,"featured_media":89354,"comment_status":"closed","ping_status":"closed","sticky":false,"template":"","format":"standard","meta":{"footnotes":""},"categories":[3],"tags":[],"class_list":["post-89351","post","type-post","status-publish","format-standard","has-post-thumbnail","category-masnoticias"],"_links":{"self":[{"href":"https:\/\/primicias2262.com\/noticias\/wp-json\/wp\/v2\/posts\/89351","targetHints":{"allow":["GET"]}}],"collection":[{"href":"https:\/\/primicias2262.com\/noticias\/wp-json\/wp\/v2\/posts"}],"about":[{"href":"https:\/\/primicias2262.com\/noticias\/wp-json\/wp\/v2\/types\/post"}],"author":[{"embeddable":true,"href":"https:\/\/primicias2262.com\/noticias\/wp-json\/wp\/v2\/users\/3"}],"replies":[{"embeddable":true,"href":"https:\/\/primicias2262.com\/noticias\/wp-json\/wp\/v2\/comments?post=89351"}],"version-history":[{"count":0,"href":"https:\/\/primicias2262.com\/noticias\/wp-json\/wp\/v2\/posts\/89351\/revisions"}],"wp:attachment":[{"href":"https:\/\/primicias2262.com\/noticias\/wp-json\/wp\/v2\/media?parent=89351"}],"wp:term":[{"taxonomy":"category","embeddable":true,"href":"https:\/\/primicias2262.com\/noticias\/wp-json\/wp\/v2\/categories?post=89351"},{"taxonomy":"post_tag","embeddable":true,"href":"https:\/\/primicias2262.com\/noticias\/wp-json\/wp\/v2\/tags?post=89351"}],"curies":[{"name":"wp","href":"https:\/\/api.w.org\/{rel}","templated":true}]}}