{"id":89367,"date":"2022-04-28T08:14:37","date_gmt":"2022-04-28T11:14:37","guid":{"rendered":"https:\/\/primicias2262.com\/?p=89367"},"modified":"2022-04-28T08:14:37","modified_gmt":"2022-04-28T11:14:37","slug":"mauro-cabrera-brindara-una-capacitacion-de-atletismo-en-san-cayetano","status":"publish","type":"post","link":"https:\/\/primicias2262.com\/noticias\/mauro-cabrera-brindara-una-capacitacion-de-atletismo-en-san-cayetano\/","title":{"rendered":"Mauro Cabrera brindar\u00e1 una capacitaci\u00f3n de atletismo en San Cayetano"},"content":{"rendered":"<p><strong>Ser\u00e1 el venidero jueves 5 de mayo a partir de las 13, en el Polideportivo \u201cJos\u00e9 Luis Su\u00e1rez\u201d.<\/strong><\/p>\n<p>A trav\u00e9s de la Direcci\u00f3n de Deportes, la Municipalidad de San Cayetano organiza una capacitaci\u00f3n en atletismo denominada \u201cDe la educaci\u00f3n f\u00edsica escolar al desarrollo deportivo\u201d, cuyo disertante ser\u00e1 el necochense Mauro Cabrera, coordinador de la Escuela Municipal de Atletismo.<\/p>\n<p>La jornada, destinada a profesores y estudiantes de Educaci\u00f3n F\u00edsica, e interesados en esta disciplina deportiva, se desarrollar\u00e1 el pr\u00f3ximo jueves 5 de mayo a partir de las 13:00 horas en el Gimnasio Polideportivo Municipal de San Cayetano \u201cJos\u00e9 Luis Su\u00e1rez\u201d.<\/p>\n<p>Los principales temas que se abordar\u00e1n en la capacitaci\u00f3n ser\u00e1n T\u00e9cnica de carrera; desarrollo de la velocidad; fundamento de los saltos y de los lanzamientos.<\/p>\n<p>Es v\u00e1lido destacar que el profesor Mauro Cabrera es Entrenador Internacional Atletismo Nivel II y III IAAF; Juez de Atletismo; Tutor del Programa de Liderazgo y Excelencia en Atletismo.<\/p>\n<p><a href=\"https:\/\/primicias2262.com\/wp-content\/uploads\/2022\/04\/capacitacion-atletismo.jpg\"><img loading=\"lazy\" decoding=\"async\" class=\"aligncenter size-full wp-image-89377\" src=\"https:\/\/primicias2262.com\/wp-content\/uploads\/2022\/04\/capacitacion-atletismo.jpg\" alt=\"\" width=\"1124\" height=\"1280\" \/><\/a><\/p>\n","protected":false},"excerpt":{"rendered":"<p>Ser\u00e1 el venidero jueves 5 de mayo a partir de las 13, en el Polideportivo \u201cJos\u00e9 Luis Su\u00e1rez\u201d. A trav\u00e9s de la Direcci\u00f3n de Deportes, la Municipalidad de San Cayetano organiza una capacitaci\u00f3n en atletismo denominada \u201cDe la educaci\u00f3n f\u00edsica escolar al desarrollo deportivo\u201d, cuyo disertante ser\u00e1 el necochense Mauro Cabrera, coordinador de la Escuela [&hellip;]<\/p>\n","protected":false},"author":3,"featured_media":78550,"comment_status":"closed","ping_status":"closed","sticky":false,"template":"","format":"standard","meta":{"footnotes":""},"categories":[3],"tags":[],"class_list":["post-89367","post","type-post","status-publish","format-standard","has-post-thumbnail","category-masnoticias"],"_links":{"self":[{"href":"https:\/\/primicias2262.com\/noticias\/wp-json\/wp\/v2\/posts\/89367","targetHints":{"allow":["GET"]}}],"collection":[{"href":"https:\/\/primicias2262.com\/noticias\/wp-json\/wp\/v2\/posts"}],"about":[{"href":"https:\/\/primicias2262.com\/noticias\/wp-json\/wp\/v2\/types\/post"}],"author":[{"embeddable":true,"href":"https:\/\/primicias2262.com\/noticias\/wp-json\/wp\/v2\/users\/3"}],"replies":[{"embeddable":true,"href":"https:\/\/primicias2262.com\/noticias\/wp-json\/wp\/v2\/comments?post=89367"}],"version-history":[{"count":0,"href":"https:\/\/primicias2262.com\/noticias\/wp-json\/wp\/v2\/posts\/89367\/revisions"}],"wp:attachment":[{"href":"https:\/\/primicias2262.com\/noticias\/wp-json\/wp\/v2\/media?parent=89367"}],"wp:term":[{"taxonomy":"category","embeddable":true,"href":"https:\/\/primicias2262.com\/noticias\/wp-json\/wp\/v2\/categories?post=89367"},{"taxonomy":"post_tag","embeddable":true,"href":"https:\/\/primicias2262.com\/noticias\/wp-json\/wp\/v2\/tags?post=89367"}],"curies":[{"name":"wp","href":"https:\/\/api.w.org\/{rel}","templated":true}]}}