{"id":89398,"date":"2022-04-29T14:25:51","date_gmt":"2022-04-29T17:25:51","guid":{"rendered":"https:\/\/primicias2262.com\/?p=89398"},"modified":"2022-04-29T14:25:51","modified_gmt":"2022-04-29T17:25:51","slug":"juventud-y-el-centro-cultural-avanzan-en-la-organizacion-del-urbanfest","status":"publish","type":"post","link":"https:\/\/primicias2262.com\/noticias\/juventud-y-el-centro-cultural-avanzan-en-la-organizacion-del-urbanfest\/","title":{"rendered":"Juventud y el Centro Cultural avanzan en la organizaci\u00f3n del \u00abUrbanFest\u00bb"},"content":{"rendered":"<p><strong>Con la organizaci\u00f3n conjunta del municipio, mediante el \u00c1rea de Juventud, y del Centro Cultural \u2013 Biblioteca Popular \u2018 Andr\u00e9s Ferreyra\u2019, se avanza en la planificaci\u00f3n de la primera edici\u00f3n del festival \u201cUrbanFest\u201d, que tendr\u00e1 desarrollo en dicha instituci\u00f3n de Necochea el s\u00e1bado 14 de mayo con una propuesta art\u00edstica variopinta y por fuera de lo convencional.<\/strong><\/p>\n<p>En vistas a ello, la responsable de Juventud, Valeria Garrido, se reuni\u00f3 con uno de los dirigentes del Centro Cultural, Alberto Franco, tras lo cual la funcionaria manifest\u00f3 que \u201cla intenci\u00f3n con este evento es generar una propuesta para el p\u00fablico joven, a la tarde-noche, con la idea de promover la cultura y el arte local urbano\u201d.<\/p>\n<p>A modo de adelanto, se\u00f1al\u00f3 que habr\u00e1 talleres, muestras, m\u00fasica en vivo y dem\u00e1s actividades, y agreg\u00f3 que \u201cinvitamos a artistas de nuestra ciudad a que participen y a j\u00f3venes a que se puedan acercar con una propuesta diferente a lo que estamos acostumbrados\u201d, para acotar que tambi\u00e9n \u201cvamos a contar con emprendedores y food trucks\u201d. Para ello, los interesados podr\u00e1n realizar averiguaciones en las redes sociales de Juventud Necochea.<\/p>\n<p>La funcionaria tambi\u00e9n agradeci\u00f3 la predisposici\u00f3n del Centro Cultural para dicha actividad, y acerca de ello, Alberto Franco subray\u00f3 que \u201cnosotros tambi\u00e9n ten\u00edamos pensado realizar algo en alg\u00fan momento en este sentido, pero conoc\u00edamos nuestras limitaciones, y esta asociaci\u00f3n con Juventud y el municipio nos permite potenciar las capacidades de nuestra instituci\u00f3n\u201d.<\/p>\n<p>Acto seguido, afirm\u00f3 que \u201ctodo est\u00e1 pensado para generar espacios participativos y gratuitos como ser\u00e1 este festival, y apuntar a j\u00f3venes y adolescentes que ya est\u00e1n circulando en esta movida de la cultura urbana, con sus inquietudes y sus producciones, y brindarles ese marco donde puedan contar con toda una infraestructura para realizarlo y se sientan protagonistas\u201d.<\/p>\n<p>En tal sentido, Franco enfatiz\u00f3 que \u201cpensamos que hay que crear alternativas de consumo y uso del tiempo libre, y por eso apostamos a este formato, que si bien tendr\u00e1 sede en el Centro Cultural con todos sus espacios, tambi\u00e9n va a estar en la calle, sobre todo el frente de la 54, as\u00ed que tendremos la instituci\u00f3n puesta al servicio de la circulaci\u00f3n para que todos transiten y se sientan c\u00f3modos en un marco cultural amplio, y con el protagonismo de los j\u00f3venes\u201d.<\/p>\n","protected":false},"excerpt":{"rendered":"<p>Con la organizaci\u00f3n conjunta del municipio, mediante el \u00c1rea de Juventud, y del Centro Cultural \u2013 Biblioteca Popular \u2018 Andr\u00e9s Ferreyra\u2019, se avanza en la planificaci\u00f3n de la primera edici\u00f3n del festival \u201cUrbanFest\u201d, que tendr\u00e1 desarrollo en dicha instituci\u00f3n de Necochea el s\u00e1bado 14 de mayo con una propuesta art\u00edstica variopinta y por fuera de [&hellip;]<\/p>\n","protected":false},"author":3,"featured_media":89399,"comment_status":"closed","ping_status":"closed","sticky":false,"template":"","format":"standard","meta":{"footnotes":""},"categories":[3],"tags":[],"class_list":["post-89398","post","type-post","status-publish","format-standard","has-post-thumbnail","category-masnoticias"],"_links":{"self":[{"href":"https:\/\/primicias2262.com\/noticias\/wp-json\/wp\/v2\/posts\/89398","targetHints":{"allow":["GET"]}}],"collection":[{"href":"https:\/\/primicias2262.com\/noticias\/wp-json\/wp\/v2\/posts"}],"about":[{"href":"https:\/\/primicias2262.com\/noticias\/wp-json\/wp\/v2\/types\/post"}],"author":[{"embeddable":true,"href":"https:\/\/primicias2262.com\/noticias\/wp-json\/wp\/v2\/users\/3"}],"replies":[{"embeddable":true,"href":"https:\/\/primicias2262.com\/noticias\/wp-json\/wp\/v2\/comments?post=89398"}],"version-history":[{"count":0,"href":"https:\/\/primicias2262.com\/noticias\/wp-json\/wp\/v2\/posts\/89398\/revisions"}],"wp:attachment":[{"href":"https:\/\/primicias2262.com\/noticias\/wp-json\/wp\/v2\/media?parent=89398"}],"wp:term":[{"taxonomy":"category","embeddable":true,"href":"https:\/\/primicias2262.com\/noticias\/wp-json\/wp\/v2\/categories?post=89398"},{"taxonomy":"post_tag","embeddable":true,"href":"https:\/\/primicias2262.com\/noticias\/wp-json\/wp\/v2\/tags?post=89398"}],"curies":[{"name":"wp","href":"https:\/\/api.w.org\/{rel}","templated":true}]}}