{"id":89402,"date":"2022-04-29T14:30:02","date_gmt":"2022-04-29T17:30:02","guid":{"rendered":"https:\/\/primicias2262.com\/?p=89402"},"modified":"2022-04-29T14:30:02","modified_gmt":"2022-04-29T17:30:02","slug":"iniciaron-los-cursos-para-principiantes-que-desean-obtener-su-licencia-de-conducir","status":"publish","type":"post","link":"https:\/\/primicias2262.com\/noticias\/iniciaron-los-cursos-para-principiantes-que-desean-obtener-su-licencia-de-conducir\/","title":{"rendered":"Iniciaron los cursos para principiantes que desean obtener su licencia de conducir"},"content":{"rendered":"<p><strong>Con un muy buen n\u00famero de interesados de variada edad, y tal lo anunciado esta semana, el Ejecutivo inici\u00f3 este mediod\u00eda el curso para conductores principiantes de car\u00e1cter obligatorio en el Sal\u00f3n de Actos de la comuna, que desembocar\u00e1 en la adquisici\u00f3n de la licencia de conducir para cada uno de ellos por primera vez.<\/strong><\/p>\n<p>En la presentaci\u00f3n, el director de Control Urbano, Juan Manuel Laportilla, se\u00f1al\u00f3 que \u201cqueremos que esto no lo tomen a la ligera, sino que al contrario porque despu\u00e9s de este curso es cuando podr\u00e1n tramitar su licencia de conducir\u201d.<\/p>\n<p>\u201cSe trata de un documento importante que los va a habilitar a conducir en la v\u00eda p\u00fablica, con los riesgos que muchas veces eso conlleva\u201d a\u00f1adi\u00f3 el funcionario, y en ese aspecto \u201clo importante es que ac\u00e1 se les va a ense\u00f1ar cuestiones que por ah\u00ed no saben, y si las saben, a lo mejor carecen de alguna informaci\u00f3n\u201d ya que la Ley de Seguridad Vial es amplia.<\/p>\n<p>Para terminar, asever\u00f3 que \u201cen definitiva, la intenci\u00f3n de la gesti\u00f3n es educar vialmente, porque lamentablemente el problema del tr\u00e1nsito en nuestra ciudad nos preocupa, con siniestros que a veces llevan a la muerte, y en ese sentido es momento de que el Estado tome cartas en el asunto para evitar esas muertes innecesarias\u201d.<\/p>\n<p>Cabe decir que el encargado de brindar dicho curso sobre de seguridad vial y la Ley, es el inspector vial Leonardo Garc\u00eda Vega.<\/p>\n<p><a href=\"https:\/\/primicias2262.com\/wp-content\/uploads\/2022\/04\/WhatsApp-Image-2022-04-29-at-1.21.03-PM.jpeg\"><img loading=\"lazy\" decoding=\"async\" class=\"aligncenter size-full wp-image-89404\" src=\"https:\/\/primicias2262.com\/wp-content\/uploads\/2022\/04\/WhatsApp-Image-2022-04-29-at-1.21.03-PM.jpeg\" alt=\"\" width=\"1280\" height=\"853\" \/><\/a><\/p>\n","protected":false},"excerpt":{"rendered":"<p>Con un muy buen n\u00famero de interesados de variada edad, y tal lo anunciado esta semana, el Ejecutivo inici\u00f3 este mediod\u00eda el curso para conductores principiantes de car\u00e1cter obligatorio en el Sal\u00f3n de Actos de la comuna, que desembocar\u00e1 en la adquisici\u00f3n de la licencia de conducir para cada uno de ellos por primera vez. [&hellip;]<\/p>\n","protected":false},"author":3,"featured_media":89403,"comment_status":"closed","ping_status":"closed","sticky":false,"template":"","format":"standard","meta":{"footnotes":""},"categories":[3],"tags":[],"class_list":["post-89402","post","type-post","status-publish","format-standard","has-post-thumbnail","category-masnoticias"],"_links":{"self":[{"href":"https:\/\/primicias2262.com\/noticias\/wp-json\/wp\/v2\/posts\/89402","targetHints":{"allow":["GET"]}}],"collection":[{"href":"https:\/\/primicias2262.com\/noticias\/wp-json\/wp\/v2\/posts"}],"about":[{"href":"https:\/\/primicias2262.com\/noticias\/wp-json\/wp\/v2\/types\/post"}],"author":[{"embeddable":true,"href":"https:\/\/primicias2262.com\/noticias\/wp-json\/wp\/v2\/users\/3"}],"replies":[{"embeddable":true,"href":"https:\/\/primicias2262.com\/noticias\/wp-json\/wp\/v2\/comments?post=89402"}],"version-history":[{"count":0,"href":"https:\/\/primicias2262.com\/noticias\/wp-json\/wp\/v2\/posts\/89402\/revisions"}],"wp:attachment":[{"href":"https:\/\/primicias2262.com\/noticias\/wp-json\/wp\/v2\/media?parent=89402"}],"wp:term":[{"taxonomy":"category","embeddable":true,"href":"https:\/\/primicias2262.com\/noticias\/wp-json\/wp\/v2\/categories?post=89402"},{"taxonomy":"post_tag","embeddable":true,"href":"https:\/\/primicias2262.com\/noticias\/wp-json\/wp\/v2\/tags?post=89402"}],"curies":[{"name":"wp","href":"https:\/\/api.w.org\/{rel}","templated":true}]}}