{"id":89406,"date":"2022-04-29T14:49:54","date_gmt":"2022-04-29T17:49:54","guid":{"rendered":"https:\/\/primicias2262.com\/?p=89406"},"modified":"2022-04-29T14:49:54","modified_gmt":"2022-04-29T17:49:54","slug":"este-domingo-no-funcionara-el-servicio-de-recoleccion-ene-l-turno-de-la-noche","status":"publish","type":"post","link":"https:\/\/primicias2262.com\/noticias\/este-domingo-no-funcionara-el-servicio-de-recoleccion-ene-l-turno-de-la-noche\/","title":{"rendered":"Este domingo no funcionar\u00e1 el servicio de recolecci\u00f3n en el turno de la noche"},"content":{"rendered":"<p><strong>En virtud de conmemorarse el D\u00eda Internacional del Trabajador el pr\u00f3ximo domingo 1\u00ba de mayo, desde el \u00c1rea municipal de Recolecci\u00f3n de Residuos se inform\u00f3 que ese d\u00eda no se brindar\u00e1 el servicio nocturno.<\/strong><\/p>\n<p>Dicha \u00e1rea, que funciona a cargo de Adri\u00e1n Ciancaglini, y depende de la Secretar\u00eda de Planeamiento, Obras y Servicios P\u00fablicos, anunci\u00f3 que esa ser\u00e1 la \u00fanica modificaci\u00f3n en el servicio de recolecci\u00f3n para el domingo, por lo que s\u00f3lo el turno de la noche se ver\u00e1 afectado ese d\u00eda.<\/p>\n<p>Por ende, no habr\u00e1 recolecci\u00f3n de residuos el s\u00e1bado a la noche (como es habitual) ni se realizar\u00e1 tampoco la nocturna del domingo, aunque la recolecci\u00f3n diurna se mantendr\u00e1 sin variantes.<\/p>\n","protected":false},"excerpt":{"rendered":"<p>En virtud de conmemorarse el D\u00eda Internacional del Trabajador el pr\u00f3ximo domingo 1\u00ba de mayo, desde el \u00c1rea municipal de Recolecci\u00f3n de Residuos se inform\u00f3 que ese d\u00eda no se brindar\u00e1 el servicio nocturno. Dicha \u00e1rea, que funciona a cargo de Adri\u00e1n Ciancaglini, y depende de la Secretar\u00eda de Planeamiento, Obras y Servicios P\u00fablicos, anunci\u00f3 [&hellip;]<\/p>\n","protected":false},"author":3,"featured_media":88913,"comment_status":"closed","ping_status":"closed","sticky":false,"template":"","format":"standard","meta":{"footnotes":""},"categories":[3],"tags":[],"class_list":["post-89406","post","type-post","status-publish","format-standard","has-post-thumbnail","category-masnoticias"],"_links":{"self":[{"href":"https:\/\/primicias2262.com\/noticias\/wp-json\/wp\/v2\/posts\/89406","targetHints":{"allow":["GET"]}}],"collection":[{"href":"https:\/\/primicias2262.com\/noticias\/wp-json\/wp\/v2\/posts"}],"about":[{"href":"https:\/\/primicias2262.com\/noticias\/wp-json\/wp\/v2\/types\/post"}],"author":[{"embeddable":true,"href":"https:\/\/primicias2262.com\/noticias\/wp-json\/wp\/v2\/users\/3"}],"replies":[{"embeddable":true,"href":"https:\/\/primicias2262.com\/noticias\/wp-json\/wp\/v2\/comments?post=89406"}],"version-history":[{"count":0,"href":"https:\/\/primicias2262.com\/noticias\/wp-json\/wp\/v2\/posts\/89406\/revisions"}],"wp:attachment":[{"href":"https:\/\/primicias2262.com\/noticias\/wp-json\/wp\/v2\/media?parent=89406"}],"wp:term":[{"taxonomy":"category","embeddable":true,"href":"https:\/\/primicias2262.com\/noticias\/wp-json\/wp\/v2\/categories?post=89406"},{"taxonomy":"post_tag","embeddable":true,"href":"https:\/\/primicias2262.com\/noticias\/wp-json\/wp\/v2\/tags?post=89406"}],"curies":[{"name":"wp","href":"https:\/\/api.w.org\/{rel}","templated":true}]}}