{"id":89432,"date":"2022-04-30T13:44:27","date_gmt":"2022-04-30T16:44:27","guid":{"rendered":"https:\/\/primicias2262.com\/?p=89432"},"modified":"2022-04-30T13:44:27","modified_gmt":"2022-04-30T16:44:27","slug":"avanza-el-proyecto-del-veredon-cultural-en-las-puertas-del-centro-cultural-de-necochea","status":"publish","type":"post","link":"https:\/\/primicias2262.com\/noticias\/avanza-el-proyecto-del-veredon-cultural-en-las-puertas-del-centro-cultural-de-necochea\/","title":{"rendered":"Avanza el proyecto del \u201cVered\u00f3n Cultural\u201d en las puertas del Centro Cultural de Necochea"},"content":{"rendered":"<p>La iniciativa fue presentada ante la comuna, en el marco de los 50 a\u00f1os de la inauguraci\u00f3n del edificio actual. \u201cSe trata de ampliar un poco la vereda, como si fuera la 83, pero el municipio se enganch\u00f3 y nos trajeron un proyecto que es superador de nuestras expectativas\u201d, asegur\u00f3 Juan Marraro.<\/p>\n<p>Luego de atravesar distintas etapas previas y de reconocimiento con los equipos t\u00e9cnicos de la Municipalidad de Necochea, autoridades del Centro Cultural Necochea &#8211; Biblioteca Popular \u201cAndr\u00e9s Ferreyra\u201d progresan a paso firme con el sue\u00f1o de poder generar un corredor cultural comunitario en la vereda de la instituci\u00f3n.<\/p>\n<p>As\u00ed lo confirm\u00f3 en Voces de la Ciudad el propio titular de la prestigiosa entidad, Juan Marraro, quien confi\u00f3: \u201cEstamos bastante avanzados en un proyecto que parti\u00f3 como iniciativa nuestra, con motivo de que el a\u00f1o que viene se cumplen 50 a\u00f1os de la inauguraci\u00f3n del edificio actual\u201d.<\/p>\n<p>En ese marco, \u201cse nos ocurri\u00f3 proponer la generaci\u00f3n de un corredor cultural comunicativo, un vered\u00f3n cultural, o el nombre que se acuerde, teniendo en cuenta que esa es una cuadra identificada con lo cultural, desde que est\u00e1 el Teatro (Municipal \u201cLuis Sandrini\u201d), el Centro Cultural y estuvo muchos a\u00f1os la Direcci\u00f3n de Cultura en la esquina\u201d.<\/p>\n<p>Concretamente, \u201cel proyecto en s\u00ed era tratar de ampliar un poco la vereda, como si fuera la 83, y agregar algunas cosas m\u00e1s, pero el municipio, el Intendente (Arturo Rojas), y las \u00e1reas pertinentes se engancharon y nos trajeron un proyecto que es superador de nuestras expectativas\u201d, y si bien \u201cno deja de ser un proyecto, est\u00e1 muy bueno para seguir trabaj\u00e1ndolo, viendo su financiaci\u00f3n\u201d.<\/p>\n<p>\u201cM\u00e1s all\u00e1 de que se concrete o no, lo bueno es la receptividad de las autoridades manipules\u201d, incluso \u201cayer habl\u00e1bamos de que esto quiz\u00e1s sirva como proyecto piloto para replicarlo en otros barrios u otras zonas\u201d, adelant\u00f3 el abogado.<\/p>\n<p>Mientras que los detalles t\u00e9cnicos de la obra todav\u00eda no se dieron a conocer, s\u00ed se revel\u00f3 que, una vez aprobada, tendr\u00e1 un plazo de ejecuci\u00f3n que rondar\u00e1 los 90 d\u00edas, por lo que podr\u00eda estar terminada antes de fin de a\u00f1o si las gestiones avanzan por buen camino.<\/p>\n<p>Adem\u00e1s de ser de utilidad para las actividades multitudinarias que organizan desde la instituci\u00f3n, como el Centro Cultural de Noche, la Fiesta de la Cerveza o la Feria del Libro, entre otras, \u201cque en pospandemia aspiramos a que reinicien\u201d, este vered\u00f3n ser\u00eda una novedad para que en \u201cla cuadra se genere un entorno de circulaci\u00f3n de p\u00fablico que quiz\u00e1s no sea habitu\u00e9 del lugar y, a ra\u00edz de esto, se enganche, vaya y conozca, porque siempre trabajamos en esto de convocar\u201d, finaliz\u00f3 explicando Marraro en Voces de la Ciudad.<\/p>\n","protected":false},"excerpt":{"rendered":"<p>La iniciativa fue presentada ante la comuna, en el marco de los 50 a\u00f1os de la inauguraci\u00f3n del edificio actual. \u201cSe trata de ampliar un poco la vereda, como si fuera la 83, pero el municipio se enganch\u00f3 y nos trajeron un proyecto que es superador de nuestras expectativas\u201d, asegur\u00f3 Juan Marraro. Luego de atravesar [&hellip;]<\/p>\n","protected":false},"author":3,"featured_media":73801,"comment_status":"closed","ping_status":"closed","sticky":false,"template":"","format":"standard","meta":{"footnotes":""},"categories":[3],"tags":[],"class_list":["post-89432","post","type-post","status-publish","format-standard","has-post-thumbnail","category-masnoticias"],"_links":{"self":[{"href":"https:\/\/primicias2262.com\/noticias\/wp-json\/wp\/v2\/posts\/89432","targetHints":{"allow":["GET"]}}],"collection":[{"href":"https:\/\/primicias2262.com\/noticias\/wp-json\/wp\/v2\/posts"}],"about":[{"href":"https:\/\/primicias2262.com\/noticias\/wp-json\/wp\/v2\/types\/post"}],"author":[{"embeddable":true,"href":"https:\/\/primicias2262.com\/noticias\/wp-json\/wp\/v2\/users\/3"}],"replies":[{"embeddable":true,"href":"https:\/\/primicias2262.com\/noticias\/wp-json\/wp\/v2\/comments?post=89432"}],"version-history":[{"count":0,"href":"https:\/\/primicias2262.com\/noticias\/wp-json\/wp\/v2\/posts\/89432\/revisions"}],"wp:attachment":[{"href":"https:\/\/primicias2262.com\/noticias\/wp-json\/wp\/v2\/media?parent=89432"}],"wp:term":[{"taxonomy":"category","embeddable":true,"href":"https:\/\/primicias2262.com\/noticias\/wp-json\/wp\/v2\/categories?post=89432"},{"taxonomy":"post_tag","embeddable":true,"href":"https:\/\/primicias2262.com\/noticias\/wp-json\/wp\/v2\/tags?post=89432"}],"curies":[{"name":"wp","href":"https:\/\/api.w.org\/{rel}","templated":true}]}}