{"id":89449,"date":"2022-05-01T19:53:11","date_gmt":"2022-05-01T22:53:11","guid":{"rendered":"https:\/\/primicias2262.com\/?p=89449"},"modified":"2022-05-01T19:53:11","modified_gmt":"2022-05-01T22:53:11","slug":"reivindicamos-al-trabajo-como-la-unica-herramienta-de-crecimiento-posible","status":"publish","type":"post","link":"https:\/\/primicias2262.com\/noticias\/reivindicamos-al-trabajo-como-la-unica-herramienta-de-crecimiento-posible\/","title":{"rendered":"\u201cReivindicamos al trabajo como la \u00fanica herramienta de crecimiento posible\u201d"},"content":{"rendered":"<p><strong>En el acto por el D\u00eda del Trabajador, realizado este domingo 1\u00ba de mayo en el monumento que los homenajea, situado en Avenidas 58 y 59, la secretaria de Gobierno, Gabriela G\u00f3ngora, respald\u00f3 en su oratoria la unidad del movimiento obrero en el distrito, porque \u201cya sabemos que cuando est\u00e1n peleados, los \u00fanicos que pierden son los trabajadores\u201d.<\/strong><\/p>\n<p>Con muy buena representaci\u00f3n sindical, el Ejecutivo realiz\u00f3 este domingo 1\u00ba de Mayo el acto conmemorativo por el D\u00eda del Trabajador, que tuvo lugar en el monumento que los homenajea, y que luci\u00f3 renovado para la ocasi\u00f3n, situado sobre la Plaza Dardo Rocha, en la esquina de Avenidas 58 y 59.<\/p>\n<p>Quien tom\u00f3 la palabra en representaci\u00f3n del gobierno municipal fue la secretaria de Gobierno, Gabriela G\u00f3ngora, oportunidad en la que manifest\u00f3 que \u201cse nos hincha el pecho cuando decimos que somos trabajadores y que nos ganamos precisamente el d\u00eda a d\u00eda con el esfuerzo de nuestro trabajo\u201d.<\/p>\n<p>\u201cHay muchos que todav\u00eda no lo tienen, y a ellos queremos llevarles un mensaje de esperanza, y que sepan que toda la dirigencia pol\u00edtica est\u00e1 trabajando para que no la pierdan y as\u00ed solucionarles la realidad que viven\u201d, acot\u00f3 la funcionaria.<\/p>\n<p>Adem\u00e1s, G\u00f3ngora valor\u00f3 a todas las organizaciones que conforman el movimiento obrero, \u201cpor el esfuerzo y el sacrificio de unidad que llevaron adelante para estar unidos\u201d porque \u201cya sabemos que cuando est\u00e1n peleados, los \u00fanicos que pierden son los trabajadores\u201d, advirti\u00f3 al respecto.<\/p>\n<p>Luego, y siempre dirigi\u00e9ndose al movimiento gremial, asegur\u00f3 que \u201clos convocamos al di\u00e1logo siempre, y en ese aspecto las puertas del municipio y del despacho de cada funcionario est\u00e1n abiertas, porque todos tenemos que estar pensando y proyectando la Necochea de los 20 a\u00f1os que vienen, que nos cobije a todos, para tener trabajo y la ciudad que deseamos y queremos\u201d.<\/p>\n<p>\u201cDe la \u00fanica manera que vamos a salir adelante es mediante el trabajo, y por eso lo reivindicamos como la \u00fanica herramienta de crecimiento posible, no hay otra\u201d afirm\u00f3.<\/p>\n<p><a href=\"https:\/\/primicias2262.com\/wp-content\/uploads\/2022\/05\/WhatsApp-Image-2022-05-01-at-2.14.46-PM-1.jpeg\"><img loading=\"lazy\" decoding=\"async\" class=\"aligncenter size-full wp-image-89450\" src=\"https:\/\/primicias2262.com\/wp-content\/uploads\/2022\/05\/WhatsApp-Image-2022-05-01-at-2.14.46-PM-1.jpeg\" alt=\"\" width=\"1280\" height=\"856\" \/><\/a><\/p>\n<p>Cabe decir que, en representaci\u00f3n de los gremios, tom\u00f3 la palabra el responsable de la Asociaci\u00f3n Bancaria local, Demian Ledesma, quien, entre varios conceptos que verti\u00f3 y que hacen a la coyuntura de pa\u00eds actual, puso de relieve que \u201csin sindicatos no hay derechos, y sin derechos no hay justicia social\u201d.<\/p>\n<p>Participaron del acto tambi\u00e9n miembros de Urgara, Uni\u00f3n Ferroviaria, STM, Camioneros y FEMPINRA, entre otros funcionarios del municipio y concejales.<\/p>\n<p><strong>FOTOS: Estefan\u00eda Dray<\/strong><\/p>\n","protected":false},"excerpt":{"rendered":"<p>En el acto por el D\u00eda del Trabajador, realizado este domingo 1\u00ba de mayo en el monumento que los homenajea, situado en Avenidas 58 y 59, la secretaria de Gobierno, Gabriela G\u00f3ngora, respald\u00f3 en su oratoria la unidad del movimiento obrero en el distrito, porque \u201cya sabemos que cuando est\u00e1n peleados, los \u00fanicos que pierden [&hellip;]<\/p>\n","protected":false},"author":3,"featured_media":89451,"comment_status":"closed","ping_status":"closed","sticky":false,"template":"","format":"standard","meta":{"footnotes":""},"categories":[3],"tags":[],"class_list":["post-89449","post","type-post","status-publish","format-standard","has-post-thumbnail","category-masnoticias"],"_links":{"self":[{"href":"https:\/\/primicias2262.com\/noticias\/wp-json\/wp\/v2\/posts\/89449","targetHints":{"allow":["GET"]}}],"collection":[{"href":"https:\/\/primicias2262.com\/noticias\/wp-json\/wp\/v2\/posts"}],"about":[{"href":"https:\/\/primicias2262.com\/noticias\/wp-json\/wp\/v2\/types\/post"}],"author":[{"embeddable":true,"href":"https:\/\/primicias2262.com\/noticias\/wp-json\/wp\/v2\/users\/3"}],"replies":[{"embeddable":true,"href":"https:\/\/primicias2262.com\/noticias\/wp-json\/wp\/v2\/comments?post=89449"}],"version-history":[{"count":0,"href":"https:\/\/primicias2262.com\/noticias\/wp-json\/wp\/v2\/posts\/89449\/revisions"}],"wp:attachment":[{"href":"https:\/\/primicias2262.com\/noticias\/wp-json\/wp\/v2\/media?parent=89449"}],"wp:term":[{"taxonomy":"category","embeddable":true,"href":"https:\/\/primicias2262.com\/noticias\/wp-json\/wp\/v2\/categories?post=89449"},{"taxonomy":"post_tag","embeddable":true,"href":"https:\/\/primicias2262.com\/noticias\/wp-json\/wp\/v2\/tags?post=89449"}],"curies":[{"name":"wp","href":"https:\/\/api.w.org\/{rel}","templated":true}]}}