{"id":89478,"date":"2022-05-02T15:48:07","date_gmt":"2022-05-02T18:48:07","guid":{"rendered":"https:\/\/primicias2262.com\/?p=89478"},"modified":"2022-05-02T15:48:07","modified_gmt":"2022-05-02T18:48:07","slug":"raices-solidarias-va-por-su-sede-propia-con-el-fin-ultimo-de-atacar-la-emergencia-habitacional-del-distrito","status":"publish","type":"post","link":"https:\/\/primicias2262.com\/noticias\/raices-solidarias-va-por-su-sede-propia-con-el-fin-ultimo-de-atacar-la-emergencia-habitacional-del-distrito\/","title":{"rendered":"\u201cRa\u00edces Solidarias\u201d va por su sede propia, con el fin \u00faltimo de atacar la emergencia habitacional del distrito"},"content":{"rendered":"<p>La asociaci\u00f3n civil que encabeza Juan Pablo Toledano consigui\u00f3 la cesi\u00f3n de un predio en 70 entre 81 y 83. Ahora, realizan una campa\u00f1a para reunir materiales y levantar un taller donde se construyan casillas, generando un circulo virtuoso entre el aprendizaje de oficios y la ayuda social.<\/p>\n<p>En el piso de Voces de la Ciudad, en el aire de\u00a0 FM Vinilo 103.5 MHz, Toledano, responsable de la Asociaci\u00f3n Civil \u201cRa\u00edces Solidarias\u201d, cont\u00f3 de qu\u00e9 manera avanzan en el sue\u00f1o de tener una sede propia, gracias al apoyo de muchos ajenos y el trabajo incansable de una renovada comisi\u00f3n directiva.<\/p>\n<p>Sobre sus or\u00edgenes, el emprendedor solidario reconoci\u00f3 que la propuesta naci\u00f3 con la finalidad de \u201cayudar a familias en situaci\u00f3n de riesgo, minoridad y violencia de g\u00e9nero, que son los tres objetos que nos otorga el Ministerio de Justicia de la Provincia de Buenos Aires\u201d, un 2 de febrero de 2018.<\/p>\n<p>A muy poquito de cumplirse su cuarto aniversario, \u201crenovamos el mandato y ahora tenemos mucha m\u00e1s fuerza para avanzar, con mucha responsabilidad y con el logro de que hemos podido poner todos los papeles al d\u00eda, algo que lleva mucho tiempo y dinero\u201d.<\/p>\n<p>Volviendo al principal motivo de la entrevista, Toledano asegur\u00f3 que \u201chemos logrado que nos cedieran un predio, en calle 70 N\u00ba 4085. Eso tambi\u00e9n fue un trabajo de muchas horas dando vueltas por el Concejo Deliberante, porque la sede no va a ser solamente una oficinita para hacer una reuni\u00f3n, sino para que la utilice la gente del barrio y la comunidad de Necochea\u201d.<\/p>\n<p>En espec\u00edfico, la idea de los impulsores de Ra\u00edces Solidarias, al no permit\u00edrseles conformar un espacio de contenci\u00f3n en ese lote para casos en los que una familia quede en situaci\u00f3n de calle por un siniestro u otro contexto especial, es \u201ccolaborar con el municipio en esas situaciones, porque para eso est\u00e1n las asociaciones: para cubrir alguna falencia o alguna cosa que no pueda hacer el Estado\u201d, dijo con convencimiento el Presidente de la instituci\u00f3n.<\/p>\n<p>En ese marco, y teniendo en cuenta que \u201cdesde el primer momento uno de los objetos era cubrir la emergencia habitacional\u201d, se ha decidido utilizar ese predio para \u201crealizar un taller de trabajo de ense\u00f1anza de oficios, que tenga como finalidad construir casillas de campo rodantes para cubrir esa necesidad. Por ejemplo, cuando se incendia una casa la familia vuelve a estar en 5 minutos en un lugar decente, con calefacci\u00f3n agua caliente, etc\u00e9tera\u201d.<\/p>\n<p>Toledano agreg\u00f3 que, con esto, el proyecto tambi\u00e9n abarcar\u00eda \u201cdar formaci\u00f3n\u201d, porque \u201cvamos a contar con profesores de escuelas t\u00e9cnicas, ah\u00ed se van a construir las casillas y los mismos alumnos van a aprender oficios de herrer\u00eda, carpinter\u00eda, electricidad, que les va a servir para toda la vida\u201d.<\/p>\n<p>\u201cNosotros apuntamos al cocimiento. Creemos que el futuro del mundo es el conocimiento y queremos aportar desde ese lugar. Aparte, hacemos que se trasforme en un circulo virtuoso que contribuya a la parte social\u201d, afirm\u00f3 el responsable de Ra\u00edces Solidarias.<\/p>\n<p>Por \u00faltimo, Toledano convoc\u00f3 a la comunidad a apoyarlos en este proceso de construcci\u00f3n de la nueva sede, aportando ladrillos del 18, cemento, cal, calcemit, arena o piedra. \u201cSi cien personas ponemos tres ladrillos ya tenemos una pared levantada\u201d, asegur\u00f3, dejando como medios de contacto con la asociaci\u00f3n el tel\u00e9fono 2262 653661 o el sitio web www.raicessolidarias.org.ar.<\/p>\n","protected":false},"excerpt":{"rendered":"<p>La asociaci\u00f3n civil que encabeza Juan Pablo Toledano consigui\u00f3 la cesi\u00f3n de un predio en 70 entre 81 y 83. Ahora, realizan una campa\u00f1a para reunir materiales y levantar un taller donde se construyan casillas, generando un circulo virtuoso entre el aprendizaje de oficios y la ayuda social. En el piso de Voces de la [&hellip;]<\/p>\n","protected":false},"author":3,"featured_media":89479,"comment_status":"closed","ping_status":"closed","sticky":false,"template":"","format":"standard","meta":{"footnotes":""},"categories":[3],"tags":[],"class_list":["post-89478","post","type-post","status-publish","format-standard","has-post-thumbnail","category-masnoticias"],"_links":{"self":[{"href":"https:\/\/primicias2262.com\/noticias\/wp-json\/wp\/v2\/posts\/89478","targetHints":{"allow":["GET"]}}],"collection":[{"href":"https:\/\/primicias2262.com\/noticias\/wp-json\/wp\/v2\/posts"}],"about":[{"href":"https:\/\/primicias2262.com\/noticias\/wp-json\/wp\/v2\/types\/post"}],"author":[{"embeddable":true,"href":"https:\/\/primicias2262.com\/noticias\/wp-json\/wp\/v2\/users\/3"}],"replies":[{"embeddable":true,"href":"https:\/\/primicias2262.com\/noticias\/wp-json\/wp\/v2\/comments?post=89478"}],"version-history":[{"count":0,"href":"https:\/\/primicias2262.com\/noticias\/wp-json\/wp\/v2\/posts\/89478\/revisions"}],"wp:attachment":[{"href":"https:\/\/primicias2262.com\/noticias\/wp-json\/wp\/v2\/media?parent=89478"}],"wp:term":[{"taxonomy":"category","embeddable":true,"href":"https:\/\/primicias2262.com\/noticias\/wp-json\/wp\/v2\/categories?post=89478"},{"taxonomy":"post_tag","embeddable":true,"href":"https:\/\/primicias2262.com\/noticias\/wp-json\/wp\/v2\/tags?post=89478"}],"curies":[{"name":"wp","href":"https:\/\/api.w.org\/{rel}","templated":true}]}}