{"id":89481,"date":"2022-05-02T19:11:26","date_gmt":"2022-05-02T22:11:26","guid":{"rendered":"https:\/\/primicias2262.com\/?p=89481"},"modified":"2022-05-02T19:11:26","modified_gmt":"2022-05-02T22:11:26","slug":"piden-que-se-avance-con-el-proyecto-para-la-creacion-de-un-mercado-comunitario","status":"publish","type":"post","link":"https:\/\/primicias2262.com\/noticias\/piden-que-se-avance-con-el-proyecto-para-la-creacion-de-un-mercado-comunitario\/","title":{"rendered":"Piden que se avance con el proyecto para la creaci\u00f3n de un mercado comunitario"},"content":{"rendered":"<p>El dirigente peronista Roberto G\u00f3mez hizo referencia a la necesidad de crear en Necochea un mercado comunitario, al tiempo que se mostr\u00f3 sorprendido porque el proyecto fue presentado en el Concejo Deliberante y \u00absi bien tuvo una buena recepci\u00f3n, no avanz\u00f3 demasiado\u00bb.<\/p>\n<p><a href=\"https:\/\/primicias2262.com\/wp-content\/uploads\/2022\/03\/Roberto.jpeg\"><img loading=\"lazy\" decoding=\"async\" class=\"alignright size-medium wp-image-88508\" src=\"https:\/\/primicias2262.com\/wp-content\/uploads\/2022\/03\/Roberto-300x208.jpeg\" alt=\"\" width=\"300\" height=\"208\" \/><\/a>\u00abSe trat\u00f3 en comisiones pero no avanz\u00f3 demasiado y no entendemos porqu\u00e9 existe esa suerte de divorcio entre los temas que son prioritarios para la comunidad y la agenda que maneja el Concejo Deliberante\u00bb, expres\u00f3.<\/p>\n<p>G\u00f3mez explic\u00f3 que el mercado comunitario \u00abes un espacio donde los productores locales puedan vender sus productos directamente a los consumidores, eliminando los costos de intermediaci\u00f3n y generando precios accesibles, en este \u00e9poca en que los aumentos en los alimentos son constantes\u00bb.<\/p>\n<p>Agreg\u00f3 que \u00abel tema est\u00e1 en la agenda tanto de Naci\u00f3n como de Provincia\u00bb y destac\u00f3 que esta \u00faltima \u00abha lanzado una aplicaci\u00f3n que se llama Mercados Bonaerenses\u00bb que permite a los usuarios obtener informaci\u00f3n sobre los d\u00edas de funcionamiento, precios y productos que se comercializan en los m\u00e1s de 80 mercados comunitarios que existen en distintos lugares.<\/p>\n<p>Consultado sobre si la creaci\u00f3n de estos espacios pasaron por los Concejos Deliberantes de los distintos distritos indic\u00f3 que \u00aben algunos casos s\u00ed, pero en otros sitios fueron impulsados directamente por la Provincia\u00bb y a\u00f1adi\u00f3 que \u00abser\u00eda importante que el tema avance y se instale en la agenda\u00bb del cuerpo deliberativo local.<\/p>\n<p>Aclar\u00f3 tambi\u00e9n que la creaci\u00f3n de un mercado comunitario en nuestra ciudad \u00abno significa atacar a ninguno de los comercios tradicionales, sino fomentar la sana competencia y permitir a los vecinos que puedan acceder a diferentes productos que hoy no pueden adquirir por el aumento permanente de los precios\u00bb.<\/p>\n<p>Finalmente, G\u00f3mez anunci\u00f3 que \u00abse est\u00e1 avanzando con la reapertura del PAMI de Quequ\u00e9n, pero a\u00fan no hay una fecha definida porque una vez que se elija el lugar hay que iniciar un proceso licitatorio para realizar obras y dotarlo de la infraestructura necesaria\u00bb.<\/p>\n<p>&nbsp;<\/p>\n<p>&nbsp;<\/p>\n<p>&nbsp;<\/p>\n","protected":false},"excerpt":{"rendered":"<p>El dirigente peronista Roberto G\u00f3mez hizo referencia a la necesidad de crear en Necochea un mercado comunitario, al tiempo que se mostr\u00f3 sorprendido porque el proyecto fue presentado en el Concejo Deliberante y \u00absi bien tuvo una buena recepci\u00f3n, no avanz\u00f3 demasiado\u00bb. \u00abSe trat\u00f3 en comisiones pero no avanz\u00f3 demasiado y no entendemos porqu\u00e9 existe [&hellip;]<\/p>\n","protected":false},"author":3,"featured_media":89482,"comment_status":"closed","ping_status":"closed","sticky":false,"template":"","format":"standard","meta":{"footnotes":""},"categories":[3],"tags":[],"class_list":["post-89481","post","type-post","status-publish","format-standard","has-post-thumbnail","category-masnoticias"],"_links":{"self":[{"href":"https:\/\/primicias2262.com\/noticias\/wp-json\/wp\/v2\/posts\/89481","targetHints":{"allow":["GET"]}}],"collection":[{"href":"https:\/\/primicias2262.com\/noticias\/wp-json\/wp\/v2\/posts"}],"about":[{"href":"https:\/\/primicias2262.com\/noticias\/wp-json\/wp\/v2\/types\/post"}],"author":[{"embeddable":true,"href":"https:\/\/primicias2262.com\/noticias\/wp-json\/wp\/v2\/users\/3"}],"replies":[{"embeddable":true,"href":"https:\/\/primicias2262.com\/noticias\/wp-json\/wp\/v2\/comments?post=89481"}],"version-history":[{"count":0,"href":"https:\/\/primicias2262.com\/noticias\/wp-json\/wp\/v2\/posts\/89481\/revisions"}],"wp:attachment":[{"href":"https:\/\/primicias2262.com\/noticias\/wp-json\/wp\/v2\/media?parent=89481"}],"wp:term":[{"taxonomy":"category","embeddable":true,"href":"https:\/\/primicias2262.com\/noticias\/wp-json\/wp\/v2\/categories?post=89481"},{"taxonomy":"post_tag","embeddable":true,"href":"https:\/\/primicias2262.com\/noticias\/wp-json\/wp\/v2\/tags?post=89481"}],"curies":[{"name":"wp","href":"https:\/\/api.w.org\/{rel}","templated":true}]}}