{"id":89495,"date":"2022-05-03T08:50:01","date_gmt":"2022-05-03T11:50:01","guid":{"rendered":"https:\/\/primicias2262.com\/?p=89495"},"modified":"2022-05-03T08:50:01","modified_gmt":"2022-05-03T11:50:01","slug":"con-alumnos-de-la-escuela-no-501-comenzaron-las-visitas-guiadas-en-el-centro-cultural","status":"publish","type":"post","link":"https:\/\/primicias2262.com\/noticias\/con-alumnos-de-la-escuela-no-501-comenzaron-las-visitas-guiadas-en-el-centro-cultural\/","title":{"rendered":"Con alumnos de la Escuela N\u00ba 501, comenzaron las visitas guiadas en el Centro Cultural"},"content":{"rendered":"<p><strong>\u00bfAlguien de ac\u00e1 sabe d\u00f3nde estamos?. As\u00ed comienzan las visitas guiadas al Centro Cultural Necochea Biblioteca Popular Andr\u00e9s Ferreyra (CCN\/BPAF) que est\u00e1n destinadas principalmente a chicos y chicas de todos los niveles educativos de la comunidad.<\/strong><\/p>\n<p>Los recorridos coordinados volvieron al CCN\/BPAF tras la pandemia, y los primeros en disfrutar de la experiencia este a\u00f1o, fueron los alumnos y alumnas de la Escuela Especial N\u00ba 501.<\/p>\n<p>El itinerario comenz\u00f3 en la sala multiespacio, donde la anfitriona, Eugenia Podlesny, realiz\u00f3 el primer contacto con los visitantes.<\/p>\n<p>En ese lugar, se cont\u00f3 la historia de la instituci\u00f3n que naci\u00f3 en el a\u00f1o 1907, pasando por la constituci\u00f3n de la asociaci\u00f3n civil del Centro Cultural Necochea Biblioteca Andr\u00e9s Ferreyra, y la construcci\u00f3n del edificio actual. De ah\u00ed, caminaron hacia el audit\u00f3rium y luego hacia al primer piso, donde est\u00e1 la biblioteca.<\/p>\n<p><a href=\"https:\/\/primicias2262.com\/wp-content\/uploads\/2022\/05\/GUIADA_E.E.501.jpg\"><img loading=\"lazy\" decoding=\"async\" class=\"aligncenter wp-image-89498 size-full\" src=\"https:\/\/primicias2262.com\/wp-content\/uploads\/2022\/05\/GUIADA_E.E.501.jpg\" alt=\"\" width=\"1307\" height=\"969\" \/><\/a><\/p>\n<p>Aqu\u00ed apareci\u00f3 una de las sorpresas ya que en la Biblioteca Popular Andr\u00e9s Ferreyra se prestan otras cosas adem\u00e1s de libros. Hay semillas y herramientas para jardiner\u00eda y huerta que est\u00e1n disponibles para los usuarios, en el marco del proyecto Biblioteca de Semillas Ciudad Frutal a cargo de Podlesny.<\/p>\n<p>En esta oportunidad, los propios chicos\/as de la Escuela Especial N\u00ba 501 donaron semillas que se llamaron \u201czapallo princesa\u201d, dejando as\u00ed su marca para la futura huerta de cualquier familia que las requiera.<\/p>\n<p>Las visitas guiadas al CCN\/BPAF se pueden realizar de lunes a viernes de 14 a 20 horas, previa inscripci\u00f3n en la agenda de esta actividad. Son libres y gratuitas, y los grupos deben estar acompa\u00f1ados por un responsable que indicar\u00e1 cual es el espacio de mayor inter\u00e9s con la intenci\u00f3n de que el gu\u00eda, pueda adaptar el recorrido a los visitantes.<\/p>\n<p>El objetivo del CCN\/BPAF en esta actividad, es que quienes recorran este lugar, conozcan cada uno de los espacios que lo constituyen y que est\u00e1n especialmente dise\u00f1ados; los servicios que se brindan; la historia; su autonom\u00eda; adem\u00e1s de que se transformen en los multiplicadores en la escuela y en sus casas, de lo que vieron.<\/p>\n<p>Los interesados en anotar a su grupo para una visita guiada, deben asistir personalmente a la sede ubicada en calle 54 entre 61 y 63, de 14 a 20 horas, de lunes a viernes.<\/p>\n","protected":false},"excerpt":{"rendered":"<p>\u00bfAlguien de ac\u00e1 sabe d\u00f3nde estamos?. As\u00ed comienzan las visitas guiadas al Centro Cultural Necochea Biblioteca Popular Andr\u00e9s Ferreyra (CCN\/BPAF) que est\u00e1n destinadas principalmente a chicos y chicas de todos los niveles educativos de la comunidad. Los recorridos coordinados volvieron al CCN\/BPAF tras la pandemia, y los primeros en disfrutar de la experiencia este a\u00f1o, [&hellip;]<\/p>\n","protected":false},"author":3,"featured_media":89499,"comment_status":"closed","ping_status":"closed","sticky":false,"template":"","format":"standard","meta":{"footnotes":""},"categories":[3],"tags":[],"class_list":["post-89495","post","type-post","status-publish","format-standard","has-post-thumbnail","category-masnoticias"],"_links":{"self":[{"href":"https:\/\/primicias2262.com\/noticias\/wp-json\/wp\/v2\/posts\/89495","targetHints":{"allow":["GET"]}}],"collection":[{"href":"https:\/\/primicias2262.com\/noticias\/wp-json\/wp\/v2\/posts"}],"about":[{"href":"https:\/\/primicias2262.com\/noticias\/wp-json\/wp\/v2\/types\/post"}],"author":[{"embeddable":true,"href":"https:\/\/primicias2262.com\/noticias\/wp-json\/wp\/v2\/users\/3"}],"replies":[{"embeddable":true,"href":"https:\/\/primicias2262.com\/noticias\/wp-json\/wp\/v2\/comments?post=89495"}],"version-history":[{"count":0,"href":"https:\/\/primicias2262.com\/noticias\/wp-json\/wp\/v2\/posts\/89495\/revisions"}],"wp:attachment":[{"href":"https:\/\/primicias2262.com\/noticias\/wp-json\/wp\/v2\/media?parent=89495"}],"wp:term":[{"taxonomy":"category","embeddable":true,"href":"https:\/\/primicias2262.com\/noticias\/wp-json\/wp\/v2\/categories?post=89495"},{"taxonomy":"post_tag","embeddable":true,"href":"https:\/\/primicias2262.com\/noticias\/wp-json\/wp\/v2\/tags?post=89495"}],"curies":[{"name":"wp","href":"https:\/\/api.w.org\/{rel}","templated":true}]}}