{"id":89504,"date":"2022-05-03T08:35:53","date_gmt":"2022-05-03T11:35:53","guid":{"rendered":"https:\/\/primicias2262.com\/?p=89504"},"modified":"2022-05-03T08:35:53","modified_gmt":"2022-05-03T11:35:53","slug":"este-miercoles-llega-el-estado-en-tu-barrio-a-la-plaza-de-las-carretas","status":"publish","type":"post","link":"https:\/\/primicias2262.com\/noticias\/este-miercoles-llega-el-estado-en-tu-barrio-a-la-plaza-de-las-carretas\/","title":{"rendered":"Este mi\u00e9rcoles llega \u201cEl Estado en tu barrio\u201d a la plaza de Las Carretas"},"content":{"rendered":"<p><strong>Este mi\u00e9rcoles 4 de mayo, El Estado en tu barrio estar\u00e1 en Plaza de las Carretas, Avenida 74 y Calle 43, de la ciudad de Necochea. El operativo interministerial, del que participar\u00e1n organismos y agencias nacionales y provinciales funcionar\u00e1 de 10 a 17 horas.<\/strong><\/p>\n<p>En la jornada habr\u00e1 atenci\u00f3n al p\u00fablico de la Agencia Nacional de Discapacidad, ANSES, PAMI, AFIP y de los ministerios nacionales de Desarrollo Social y de Trabajo, Empleo y Seguridad Social; y de la Defensor\u00eda del Pueblo de la Naci\u00f3n.<\/p>\n<p>Asimismo, el Ministerio de Salud de la Naci\u00f3n realizar\u00e1 vacunaci\u00f3n de Calendario Nacional, sin turno previo, para todas las edades. Tambi\u00e9n habr\u00e1 talleres y actividades para ni\u00f1os y ni\u00f1as del Ministerio de Educaci\u00f3n de la Naci\u00f3n.<\/p>\n<p>Adem\u00e1s, el INAES realizar\u00e1 asesoramiento a cooperativistas y realizar\u00e1 tr\u00e1mites y certificaciones.<\/p>\n<p>La agenda de El Estado en tu barrio, con informaci\u00f3n detallada sobre este y otros operativos, puede consultarse en\u00a0<a href=\"http:\/\/www.argentina.gob.ar\/elestadoentubarrio\/agenda\" data-saferedirecturl=\"https:\/\/www.google.com\/url?q=http:\/\/www.argentina.gob.ar\/elestadoentubarrio\/agenda&amp;source=gmail&amp;ust=1651667805143000&amp;usg=AOvVaw1OAlxMyX8iLxodzBB9zPUm\">www.argentina.gob.ar\/elestadoentubarrio\/agenda<\/a><\/p>\n<p>Durante la jornada tambi\u00e9n se compartir\u00e1n distintos eventos culturales y por ende, se invita a participar a toda la comunidad en general.<\/p>\n<p><a href=\"https:\/\/primicias2262.com\/wp-content\/uploads\/2022\/05\/estado-en-tu-barrio.jpg\"><img loading=\"lazy\" decoding=\"async\" class=\"aligncenter size-large wp-image-89506\" src=\"https:\/\/primicias2262.com\/wp-content\/uploads\/2022\/05\/estado-en-tu-barrio-1024x1024.jpg\" alt=\"\" width=\"696\" height=\"696\" \/><\/a><\/p>\n","protected":false},"excerpt":{"rendered":"<p>Este mi\u00e9rcoles 4 de mayo, El Estado en tu barrio estar\u00e1 en Plaza de las Carretas, Avenida 74 y Calle 43, de la ciudad de Necochea. El operativo interministerial, del que participar\u00e1n organismos y agencias nacionales y provinciales funcionar\u00e1 de 10 a 17 horas. En la jornada habr\u00e1 atenci\u00f3n al p\u00fablico de la Agencia Nacional [&hellip;]<\/p>\n","protected":false},"author":3,"featured_media":89505,"comment_status":"closed","ping_status":"closed","sticky":false,"template":"","format":"standard","meta":{"footnotes":""},"categories":[3],"tags":[],"class_list":["post-89504","post","type-post","status-publish","format-standard","has-post-thumbnail","category-masnoticias"],"_links":{"self":[{"href":"https:\/\/primicias2262.com\/noticias\/wp-json\/wp\/v2\/posts\/89504","targetHints":{"allow":["GET"]}}],"collection":[{"href":"https:\/\/primicias2262.com\/noticias\/wp-json\/wp\/v2\/posts"}],"about":[{"href":"https:\/\/primicias2262.com\/noticias\/wp-json\/wp\/v2\/types\/post"}],"author":[{"embeddable":true,"href":"https:\/\/primicias2262.com\/noticias\/wp-json\/wp\/v2\/users\/3"}],"replies":[{"embeddable":true,"href":"https:\/\/primicias2262.com\/noticias\/wp-json\/wp\/v2\/comments?post=89504"}],"version-history":[{"count":0,"href":"https:\/\/primicias2262.com\/noticias\/wp-json\/wp\/v2\/posts\/89504\/revisions"}],"wp:attachment":[{"href":"https:\/\/primicias2262.com\/noticias\/wp-json\/wp\/v2\/media?parent=89504"}],"wp:term":[{"taxonomy":"category","embeddable":true,"href":"https:\/\/primicias2262.com\/noticias\/wp-json\/wp\/v2\/categories?post=89504"},{"taxonomy":"post_tag","embeddable":true,"href":"https:\/\/primicias2262.com\/noticias\/wp-json\/wp\/v2\/tags?post=89504"}],"curies":[{"name":"wp","href":"https:\/\/api.w.org\/{rel}","templated":true}]}}