{"id":89514,"date":"2022-05-03T15:14:36","date_gmt":"2022-05-03T18:14:36","guid":{"rendered":"https:\/\/primicias2262.com\/?p=89514"},"modified":"2022-05-03T15:14:36","modified_gmt":"2022-05-03T18:14:36","slug":"tano-cafiel-vuelve-a-lago-puelo-para-repotenciar-una-comunidad-con-energia-renovable","status":"publish","type":"post","link":"https:\/\/primicias2262.com\/noticias\/tano-cafiel-vuelve-a-lago-puelo-para-repotenciar-una-comunidad-con-energia-renovable\/","title":{"rendered":"\u201cTano\u201d Cafiel vuelve a Lago Puelo para repotenciar una comunidad con energ\u00eda renovable"},"content":{"rendered":"<p>Luego de la cat\u00e1strofe sucedida a principios de marzo del pasado a\u00f1o, cuando junto a sus \u201c\u00f1atos\u201d y grupos de apoyo dotaron de energ\u00eda renovable a una comunidad, la nueva aventura gira en torno al refuerzo de este sistema, ante la novedad del regreso de m\u00e1s vecinos al lugar.<\/p>\n<p>Junto a sus queridos \u00ab\u00f1atos\u00bb, el grupo de j\u00f3venes -y no tanto- que lo acompa\u00f1a en sus aventuras solidarias, Norberto \u201cTano\u201d Cafiel volver\u00e1 cerca de las pr\u00f3ximas vacaciones de invierno a una comunidad ubicada en las inmediaciones de Lago Puelo para seguir brindando su apoyo y conocimiento, luego de una visita realizada el a\u00f1o pasado en la que dotaron de energ\u00eda renovable al lugar.<\/p>\n<p>En cuanto a la historia que los une con esta poblaci\u00f3n, el t\u00e9cnico y profesor en Energ\u00edas Renovables del Centro de Formaci\u00f3n Profesional N\u00b0 402, entre otras instituciones de estudios secundarios y superiores, record\u00f3 en el aire del programa radial Voces de la Ciudad que, \u201ccuando se incendi\u00f3 paraje Las Golondrinas, con 8 asistentes y un grupo de personas de Bariloche, le dimos energ\u00eda con placas solares\u201d y \u201cnos hab\u00edamos comprometido a volver a repotenciar el lugar porque ya volvieron unas 14 personas de las casi treinta que viv\u00edan en el lugar\u201d, luego del catastr\u00f3fico incendio que los dej\u00f3 sin nada.<\/p>\n<p>Para llevar adelante esta acci\u00f3n ben\u00e9fica y totalmente desinteresada, el solidario vecino busca conseguir la suma de \u201centre 85 y 90 mil pesos para pagar el combustible de 2 veh\u00edculos y comprar un inversor de 600 vatios\u201d. Mientras espera poder cubrir esos gastos r\u00e1pidamente, asegur\u00f3 que todo lo que han hecho hasta ahora, \u201cen realidad, es voluntad de una casa de estudios de Necochea, de los alumnos, de los comerciantes que apoyan, y de otras personas invisibles, como una de Neuqu\u00e9n y otra de Bah\u00eda Blanca, que no sabemos ni qui\u00e9nes son\u201d.<\/p>\n<p>Cafiel retom\u00f3 la historia de la ayuda en Chubut \u201ccuando alguien nos llam\u00f3 dici\u00e9ndome que le hab\u00edan dado un pr\u00e9stamo para adquirir productos, paneles e inversores de potencia\u201d, entonces \u201cfuimos a verificar y estamos haciendo esta campa\u00f1a para juntar unos pesos para comprar algo de equipo que falta\u201d.<\/p>\n<p>En concreto, \u201cel a\u00f1o pasado pudimos dar energ\u00eda y ahora vamos a potenciar, ante la novedad de que se han armado 5 o 6 casas m\u00e1s de vecinos que han vuelto, para que tengan m\u00e1s lugar de trabajo para su gente\u201d. Asimismo, \u201cel equipo viejo se lo vamos a pasar a otro residente y vamos a lograr con eso que puedan tener agua o heladeras para conservar, nada menos\u201d.<\/p>\n<p>\u201cTenemos que volver en 4 o 5 d\u00edas\u201d, asegur\u00f3 el profesor sobre el tiempo que estiman demandar\u00e1 esta mejora, y el objetivo ser\u00e1 el de \u201cpotenciar a quienes tienen habilidades primarias, porque son ellos los agentes replicadores\u201d, posteriormente a su partida.<\/p>\n<p>Para terminar, el \u201cTano\u201d revel\u00f3 que todav\u00eda faltan ultimar los detalles de esta nueva expedici\u00f3n por el sur andino, qui\u00e9nes van a ser los acompa\u00f1antes. Por lo que ma\u00f1ana mismo se juntar\u00e1 en Claraz con un grupo de alumnos de aquella localidad que, seguramente, se sumen a otros tantos necochenses para llevar solidaridad a otros compatriotas, como ya es costumbre de estos destacables an\u00f3nimos que dejan parte de sus vidas para llevar auxilio a quienes m\u00e1s lo necesitan.<\/p>\n","protected":false},"excerpt":{"rendered":"<p>Luego de la cat\u00e1strofe sucedida a principios de marzo del pasado a\u00f1o, cuando junto a sus \u201c\u00f1atos\u201d y grupos de apoyo dotaron de energ\u00eda renovable a una comunidad, la nueva aventura gira en torno al refuerzo de este sistema, ante la novedad del regreso de m\u00e1s vecinos al lugar. Junto a sus queridos \u00ab\u00f1atos\u00bb, el [&hellip;]<\/p>\n","protected":false},"author":3,"featured_media":89515,"comment_status":"closed","ping_status":"closed","sticky":false,"template":"","format":"standard","meta":{"footnotes":""},"categories":[3],"tags":[],"class_list":["post-89514","post","type-post","status-publish","format-standard","has-post-thumbnail","category-masnoticias"],"_links":{"self":[{"href":"https:\/\/primicias2262.com\/noticias\/wp-json\/wp\/v2\/posts\/89514","targetHints":{"allow":["GET"]}}],"collection":[{"href":"https:\/\/primicias2262.com\/noticias\/wp-json\/wp\/v2\/posts"}],"about":[{"href":"https:\/\/primicias2262.com\/noticias\/wp-json\/wp\/v2\/types\/post"}],"author":[{"embeddable":true,"href":"https:\/\/primicias2262.com\/noticias\/wp-json\/wp\/v2\/users\/3"}],"replies":[{"embeddable":true,"href":"https:\/\/primicias2262.com\/noticias\/wp-json\/wp\/v2\/comments?post=89514"}],"version-history":[{"count":0,"href":"https:\/\/primicias2262.com\/noticias\/wp-json\/wp\/v2\/posts\/89514\/revisions"}],"wp:attachment":[{"href":"https:\/\/primicias2262.com\/noticias\/wp-json\/wp\/v2\/media?parent=89514"}],"wp:term":[{"taxonomy":"category","embeddable":true,"href":"https:\/\/primicias2262.com\/noticias\/wp-json\/wp\/v2\/categories?post=89514"},{"taxonomy":"post_tag","embeddable":true,"href":"https:\/\/primicias2262.com\/noticias\/wp-json\/wp\/v2\/tags?post=89514"}],"curies":[{"name":"wp","href":"https:\/\/api.w.org\/{rel}","templated":true}]}}