{"id":89564,"date":"2022-05-05T10:06:56","date_gmt":"2022-05-05T13:06:56","guid":{"rendered":"https:\/\/primicias2262.com\/?p=89564"},"modified":"2022-05-05T10:06:56","modified_gmt":"2022-05-05T13:06:56","slug":"juegos-sudamericanos-de-la-juventud-excelente-actuacion-de-taekwondistas-necochenses","status":"publish","type":"post","link":"https:\/\/primicias2262.com\/noticias\/juegos-sudamericanos-de-la-juventud-excelente-actuacion-de-taekwondistas-necochenses\/","title":{"rendered":"Juegos Sudamericanos de la Juventud: excelente actuaci\u00f3n de taekwondistas necochenses"},"content":{"rendered":"<p><strong>Se llev\u00f3 a cabo en el Micro Estadio del Club Newells Old Boys de la ciudad de Rosario, el 1er Campeonato Internacional Convergencia, en el marco de los III Juegos Sudamericanos de la Juventud que se desarrollan en dicha ciudad, desde el 28 de abril al 8 de mayo con la participaci\u00f3n de 15 pa\u00edses que se medir\u00e1n en los deportes reconocidos por el Comit\u00e9 Ol\u00edmpico Internacional.<\/strong><\/p>\n<p>Si bien el Taekwon-Do ITF no es un deporte oficial de tales juegos, las autoridades de la Provincia de Santa Fe y del Municipio de Rosario, en reconocimiento a su difusi\u00f3n y n\u00famero de deportistas han querido cederle espacio y tiempo durante el desarrollo de los mismos.<\/p>\n<p>A tal fin Maestros miembros de diferentes l\u00edneas internacionales, auspiciados por las autoridades locales y avalados por sus respectivas organizaciones han decidido brindarle al Taekwon-Do ITF la oportunidad de converger en un encuentro deportivo que le permita expresar lo mejor de s\u00ed y establecer un punto de partida a futuras acciones.<\/p>\n<p>La competencia estuvo destinada solamente para competidores comprendidos en las categorias Pre-juveniles (12 y 13 a\u00f1os) y Juveniles (de 14 a 17 a\u00f1os) en Danes (cinturones negros) y en Gups (cinturones de color) azules-rojos.<\/p>\n<p>En el caso de los Danes, la l\u00ednea del GM Choi, decidi\u00f3 participar de este importante evento, solamente con los Danes clasificados recientemente al Campeonato Mundial de los Paises Bajos y en el caso de los Gups con aquellos que clasificaron en el Clasificatorio de Gups llevado a cajo de forma paralela al 3er Selectivo.<\/p>\n<p>En ese sentido, nuestra ciudad estuvo representada por 6 competidores pertenecientes a la Integraci\u00f3n Provincial de Taekwon-do que dirige el Prof. Horacio Ali, logrando los siguientes resultados:<\/p>\n<p>En Danes:<\/p>\n<ul>\n<li>Rodrigo Colombani fue Campe\u00f3n en Combate en la categor\u00eda Danes Pre-juveniles hasta 55 kg (ratificando la actuaci\u00f3n en los Selectivos que lo ubicaron como el mejor del pa\u00eds en dicha categor\u00eda, siendo una gran actuaci\u00f3n de cara a su participaci\u00f3n en el Campeonato Mundial).<\/li>\n<li>Morena Baz\u00e1n fue Medalla de Bronce en Combate en la categor\u00eda Danes Juveniles Damas hasta 50 kg (una categor\u00eda mas pesada en la cual ella logro la clasificaci\u00f3n al Campeonato Mundial).<\/li>\n<\/ul>\n<p>En Gups:<\/p>\n<ul>\n<li>Valentina Medvescig fue Campeona en Formas y Campeona en Combate en la categor\u00eda Pre-juveniles azules-rojos damas hasta 45 kg.<\/li>\n<li>Federico Mengoni fue en Campe\u00f3n en Combate en la categor\u00eda Pre-juveniles azules-rojos varones hasta 55 kg.<\/li>\n<li>Milena Mu\u00f1oz fue Medalla de Bronce en Combate en la categor\u00eda azules-rojos Juveniles Damas mas de 65 kg.<\/li>\n<li>Sofia Mengoni fue Medalla de Bronce en Combate en la categor\u00eda azules-rojos Juveniles Damas mas de 65 kg.<\/li>\n<\/ul>\n<p>Como Coachs de la delegaci\u00f3n viajaron el Prof. Horacio Ali y la Instructora Gisella Cabrera.<\/p>\n<p><strong>Segundo entrenamiento de la pre-Selecci\u00f3n Argentina <\/strong><\/p>\n<p>Al d\u00eda siguiente del Campeonato Convergencia, tambi\u00e9n en la ciudad de Rosario, se realiz\u00f3 el 2do Entrenamiento de la Pre-selecci\u00f3n Argentina Juvenil y Adulta femenina y masculina a cargo de los Entrenadores Nacionales, los Maestros Gabriel Cova y Pablo Beorlegui.<\/p>\n<p>Del mismo tomaron parte los 3 necochenses clasificados al Campeonato Mundial de Holanda: Katherine Pirello en adultos, Morena Baz\u00e1n y Rodrigo Colombani en Juveniles.<\/p>\n<p>Luego a dicho entrenamiento y en los pr\u00f3ximos dias, los entrenadores haran un corte y dar\u00e1n a conocer una lista de 10 convocados por cada equipo para los pr\u00f3ximos entrenamientos.<\/p>\n","protected":false},"excerpt":{"rendered":"<p>Se llev\u00f3 a cabo en el Micro Estadio del Club Newells Old Boys de la ciudad de Rosario, el 1er Campeonato Internacional Convergencia, en el marco de los III Juegos Sudamericanos de la Juventud que se desarrollan en dicha ciudad, desde el 28 de abril al 8 de mayo con la participaci\u00f3n de 15 pa\u00edses [&hellip;]<\/p>\n","protected":false},"author":3,"featured_media":89565,"comment_status":"closed","ping_status":"closed","sticky":false,"template":"","format":"standard","meta":{"footnotes":""},"categories":[3],"tags":[],"class_list":["post-89564","post","type-post","status-publish","format-standard","has-post-thumbnail","category-masnoticias"],"_links":{"self":[{"href":"https:\/\/primicias2262.com\/noticias\/wp-json\/wp\/v2\/posts\/89564","targetHints":{"allow":["GET"]}}],"collection":[{"href":"https:\/\/primicias2262.com\/noticias\/wp-json\/wp\/v2\/posts"}],"about":[{"href":"https:\/\/primicias2262.com\/noticias\/wp-json\/wp\/v2\/types\/post"}],"author":[{"embeddable":true,"href":"https:\/\/primicias2262.com\/noticias\/wp-json\/wp\/v2\/users\/3"}],"replies":[{"embeddable":true,"href":"https:\/\/primicias2262.com\/noticias\/wp-json\/wp\/v2\/comments?post=89564"}],"version-history":[{"count":0,"href":"https:\/\/primicias2262.com\/noticias\/wp-json\/wp\/v2\/posts\/89564\/revisions"}],"wp:attachment":[{"href":"https:\/\/primicias2262.com\/noticias\/wp-json\/wp\/v2\/media?parent=89564"}],"wp:term":[{"taxonomy":"category","embeddable":true,"href":"https:\/\/primicias2262.com\/noticias\/wp-json\/wp\/v2\/categories?post=89564"},{"taxonomy":"post_tag","embeddable":true,"href":"https:\/\/primicias2262.com\/noticias\/wp-json\/wp\/v2\/tags?post=89564"}],"curies":[{"name":"wp","href":"https:\/\/api.w.org\/{rel}","templated":true}]}}