{"id":89571,"date":"2022-05-05T12:12:44","date_gmt":"2022-05-05T15:12:44","guid":{"rendered":"https:\/\/primicias2262.com\/?p=89571"},"modified":"2022-05-05T12:12:44","modified_gmt":"2022-05-05T15:12:44","slug":"el-partido-libertario-de-necochea-ambiciona-con-tener-un-candidato-a-intendente-propio-en-el-2023","status":"publish","type":"post","link":"https:\/\/primicias2262.com\/noticias\/el-partido-libertario-de-necochea-ambiciona-con-tener-un-candidato-a-intendente-propio-en-el-2023\/","title":{"rendered":"El Partido Libertario de Necochea ambiciona con tener un candidato a intendente propio en el 2023"},"content":{"rendered":"<p>Todav\u00eda en el proceso de juntar afiliaciones para terminar de conformar a la fuerza como una propuesta electoral, Alejandra Karagiannis y Mariano Valiante afirman que \u201cla gente dej\u00f3 de creer en los pol\u00edticos\u201d y que \u201ctenemos que apostar a un cambio real\u201d.<\/p>\n<p>Con el objetivo cercano de juntar unas 4 mil afiliaciones que los legalicen como fuerza pol\u00edtica y les garantice la posibilidad de participar en las pr\u00f3ximas elecciones con lista propia en territorio provincial, los representantes del Partido Libertario Necochea, abrazados por el ideario impulsado por la figura rutilante del diputado nacional Javier Milei, pasaron por los estudios de Voces de la Ciudad para hablar de sus futuras expectativas y pretensiones.<\/p>\n<p>\u201cLa gente dej\u00f3 de creer en los pol\u00edticos. Creo que tenemos que apostar a un cambio real y necesitamos que la gente nos apoye\u201d, se introdujo en el tema Alejandra Karagiannis, una cara nueva para la pol\u00edtica dom\u00e9stica que llega al ruedo sintiendo que deb\u00eda comprometerse, seg\u00fan explic\u00f3 en la FM Vinilo 103.5 MHz.<\/p>\n<p>\u201cSi bien en mi realidad no me estaba afectando tanto lo econ\u00f3mico o lo social, s\u00ed veo que al resto de las personas le est\u00e1n sucediendo cosas muy malas. Los derechos de las personas est\u00e1n cada vez m\u00e1s vulnerados\u201d, asegur\u00f3, agregando tras ello que su mayor anhelo es trabajar para mejorar la educaci\u00f3n, \u201cde la que casi nadie de la pol\u00edtica habla\u201d, o la problem\u00e1tica de las drogas, \u201cque est\u00e1 continuamente acechando en Necochea\u201d.<\/p>\n<p>Acompa\u00f1ada por Mariano Valiante, un joven militante de 39 a\u00f1os de edad quien supo desempa\u00f1arse como funcionario de segunda l\u00ednea en la gesti\u00f3n comunal de Facundo L\u00f3pez, la quequenense termin\u00f3 por afirmar los objetivos de la conformaci\u00f3n del partido que \u201cMiley tiene muchos proyectos y nosotros tambi\u00e9n a nivel local, como el de tratamiento de la basura o la situaci\u00f3n preocupante que atraviesan el Casino y la Terminal\u201d.<\/p>\n<p>Sobre los antecedentes de esta agrupaci\u00f3n, el referente libertario revel\u00f3 que \u201cnos cocimos en el 2019 y conseguimos lograr una l\u00ednea en Necochea, pero al no tener personer\u00eda jur\u00eddica en la Provincia no pudimos participar como partido, sino bajo el sello de una boleta que se llam\u00f3 298, con la que no logramos pasar el piso en la primaria de septiembre\u201d.<\/p>\n<p>\u201cEl camino que estamos atravesando ahora es el de juntar afiliaciones. Se est\u00e1n armando los 135 distritos y creo que ya debe estar con referentes en 110, hay que juntar 4 mil afiliaciones y debemos andar por ah\u00ed\u201d, detall\u00f3.<\/p>\n<p><a href=\"https:\/\/primicias2262.com\/wp-content\/uploads\/2022\/05\/WhatsApp-Image-2022-05-04-at-2.58.06-PM-1.jpeg\"><img loading=\"lazy\" decoding=\"async\" class=\"aligncenter size-full wp-image-89572\" src=\"https:\/\/primicias2262.com\/wp-content\/uploads\/2022\/05\/WhatsApp-Image-2022-05-04-at-2.58.06-PM-1.jpeg\" alt=\"\" width=\"1024\" height=\"576\" \/><\/a><\/p>\n<p>Asegurando que tienen l\u00ednea directa con Nicol\u00e1s Emma, presidente de la Libertad Avanza en CABA y asesor del congresista, Valiante revel\u00f3 que \u201ctenemos la idea para octubre de tener todos los papales presentados y el a\u00f1o que viene la lapicera en la mano para decidir nosotros\u201d y, aunque \u201cestamos muy lejos de las elecciones, queremos tener candidato a intendente propio. De hecho, tambi\u00e9n hay posibilidades de que nos juntemos con la gente de (Ramiro) Mailland\u201d, ex candidato a primer concejal por la alianza Avanza Libertad en las pasadas votaciones y actual presidente de la UCEDE dom\u00e9stica.<\/p>\n<p>Con respecto a la actualidad del distrito, el defensor de los principios liberales afirm\u00f3 que \u201cno la vemos mal. Hay un cambio, un avance importante en obras, pero sabemos que falta, porque cuando entr\u00e1s a Necochea es desolador, es un p\u00e1ramo\u201d, y \u201cno vemos oposici\u00f3n dentro del Concejo Deliberante, la oposici\u00f3n est\u00e1 como dormida, ha quedado en un letargo despu\u00e9s de las elecciones\u201d.<\/p>\n<p>Finalmente, el dirigente que viene de cuna gremial, habl\u00f3 del nacimiento de su simpat\u00eda con el proyecto que encabeza el medi\u00e1tico economista a nivel nacional. \u201cYo vengo de una familia peronista. Mi pap\u00e1 fue secretario del SOMU, siempre estuvo la pol\u00edtica en la mesa de casa y uno va tomando algunas cuestiones. En el medio aparece Miley, que todos dicen que es de derecha y yo ah\u00ed me par\u00f3 un poco\u201d, porque \u201cesto que tenemos ahora en el gobierno tampoco es peronista. No concibo al kirchnerismo como peronista, porque no se parece ni un poquito al peronismo que yo interpret\u00e9 cuando era chico\u201d.<\/p>\n","protected":false},"excerpt":{"rendered":"<p>Todav\u00eda en el proceso de juntar afiliaciones para terminar de conformar a la fuerza como una propuesta electoral, Alejandra Karagiannis y Mariano Valiante afirman que \u201cla gente dej\u00f3 de creer en los pol\u00edticos\u201d y que \u201ctenemos que apostar a un cambio real\u201d. Con el objetivo cercano de juntar unas 4 mil afiliaciones que los legalicen [&hellip;]<\/p>\n","protected":false},"author":3,"featured_media":89573,"comment_status":"closed","ping_status":"closed","sticky":false,"template":"","format":"standard","meta":{"footnotes":""},"categories":[3],"tags":[],"class_list":["post-89571","post","type-post","status-publish","format-standard","has-post-thumbnail","category-masnoticias"],"_links":{"self":[{"href":"https:\/\/primicias2262.com\/noticias\/wp-json\/wp\/v2\/posts\/89571","targetHints":{"allow":["GET"]}}],"collection":[{"href":"https:\/\/primicias2262.com\/noticias\/wp-json\/wp\/v2\/posts"}],"about":[{"href":"https:\/\/primicias2262.com\/noticias\/wp-json\/wp\/v2\/types\/post"}],"author":[{"embeddable":true,"href":"https:\/\/primicias2262.com\/noticias\/wp-json\/wp\/v2\/users\/3"}],"replies":[{"embeddable":true,"href":"https:\/\/primicias2262.com\/noticias\/wp-json\/wp\/v2\/comments?post=89571"}],"version-history":[{"count":0,"href":"https:\/\/primicias2262.com\/noticias\/wp-json\/wp\/v2\/posts\/89571\/revisions"}],"wp:attachment":[{"href":"https:\/\/primicias2262.com\/noticias\/wp-json\/wp\/v2\/media?parent=89571"}],"wp:term":[{"taxonomy":"category","embeddable":true,"href":"https:\/\/primicias2262.com\/noticias\/wp-json\/wp\/v2\/categories?post=89571"},{"taxonomy":"post_tag","embeddable":true,"href":"https:\/\/primicias2262.com\/noticias\/wp-json\/wp\/v2\/tags?post=89571"}],"curies":[{"name":"wp","href":"https:\/\/api.w.org\/{rel}","templated":true}]}}