{"id":89575,"date":"2022-05-05T12:25:38","date_gmt":"2022-05-05T15:25:38","guid":{"rendered":"https:\/\/primicias2262.com\/?p=89575"},"modified":"2022-05-05T12:25:38","modified_gmt":"2022-05-05T15:25:38","slug":"la-inseguridad-es-una-problematica-es-real-existe-y-hay-que-dar-la-cara-no-esconderse","status":"publish","type":"post","link":"https:\/\/primicias2262.com\/noticias\/la-inseguridad-es-una-problematica-es-real-existe-y-hay-que-dar-la-cara-no-esconderse\/","title":{"rendered":"\u00abLa inseguridad es una problem\u00e1tica, es real, existe y hay que dar la cara, no esconderse\u00bb"},"content":{"rendered":"<p>El concejal Jorge Mart\u00ednez brind\u00f3 detalles acerca de la visita del ministro Sergio Berni a Necochea, oportunidad en la que hizo entrega de seis nuevos patrulleros para la Polic\u00eda Rural. El municipio solicit\u00f3 m\u00e1s m\u00f3viles y asistencia econ\u00f3mica para el centro de monitoreo y la reparaci\u00f3n edilicia de instituciones de la fuerza.<\/p>\n<p>Con la seguridad como uno de los temas en agenda m\u00e1s relevantes, tanto para el Departamento Ejecutivo como para el Legislativo, el concejal Jorge Mart\u00ednez brind\u00f3 detalles sobre la visita a nuestro distrito del ministro Sergio Berni, con quien tuvo la posibilidad de compartir una mesa de trabajo que fue liderada por el intendente Arturo Rojas y funcionarios de su gabinete.<\/p>\n<p>En el piso de Voces de la Ciudad, al aire de FM Vinilo 103.5 MHz, el edil de Nueva Necochea explic\u00f3 que con la entrega de los seis nuevos m\u00f3viles 4&#215;4 que estar\u00e1n destinados a la Patrulla Rural se renueva toda la flota, adem\u00e1s de anunciar que con la medida impuesta por el Gobierno bonaerense esa instituci\u00f3n pasar\u00e1 a manos de la Superintendencia de Seguridad Rural que existe en Mar del Plata, alivianando el trabajo de la Distrital y cumpliendo con \u201cuno de los pedidos que hab\u00eda de la gente del campo\u201d.<\/p>\n<p>Sobre las declaraciones vertidas por el titular de la cartera, algunas de las cuales despertaron cierta pol\u00e9mica en la comunidad, el ex secretario de Gobierno de la actual gesti\u00f3n municipal asegur\u00f3 que \u201ccuando planteaba que los n\u00fameros en Necochea estaban bien, nosotros le dijimos que uno o dos robos ac\u00e1 generan much\u00edsimo ruido y al primero que le van a golpear la puerta es al Intendente\u201d.<\/p>\n<p>Entre los temas sobre los que gir\u00f3 el encuentro con el integrante del gabinete de Axel Kicillof, se pusieron sobre la mesa la necesidad de contar con m\u00f3viles adecuados para el patrullaje en las calles del distrito, la esperada puesta en marcha del nuevo centro de monitoreo municipal y ciertos problemas edilicios, que afectan especialmente a la Comisar\u00eda Segunda de Quequ\u00e9n, para lo que Berni ya habr\u00eda hecho el nexo inicial con el ministro de Infraestructura Leonardo Nardini para que se afecten fondos especiales para su reconstrucci\u00f3n.<\/p>\n<p>Con respecto a la primera, \u201cm\u00e1s all\u00e1 de que \u00e9l ven\u00eda con algunos n\u00fameros fr\u00edos en cuanto a m\u00f3viles, se logr\u00f3 en una negociaci\u00f3n r\u00e1pida el compromiso para la reparaci\u00f3n de una cantidad determinada de m\u00f3viles y el aporte de 10 nuevos, lo que har\u00eda un total de 30 veh\u00edculos en perfecto estado, eso en un plazo de tres o cuatro meses\u201d, adelant\u00f3 el representante del \u00f3rgano legislativo local.<\/p>\n<p>En segundo orden, revelando antes que \u201cla idea es que esta semana o la pr\u00f3xima est\u00e9 en condiciones de salir el pliego de licitaci\u00f3n del Centro de Monitoreo\u201d, Mart\u00ednez advirti\u00f3 que \u201cestamos hablando de una inversi\u00f3n de entre 30 y 40 millones (de pesos), todo con aportes propios, porque de los 48 millones que manda la Provincia (afectados a esta materia) la prioridad est\u00e1 en los m\u00f3viles y solo una parte estar\u00eda destinada a la ampliaci\u00f3n de las c\u00e1maras\u201d.<\/p>\n<p>Volviendo a mencionar que \u201cel intendente, los funcionarios y los concejales somos quienes estamos m\u00e1s expuestos a las cr\u00edticas de los vecinos\u201d, aunque la soluci\u00f3n a la problem\u00e1tica no dependa directamente del municipio, el edil asegur\u00f3 que \u201cson muy grandes los desaf\u00edos que tenemos por delante. La inseguridad es una problem\u00e1tica, es real, existe y hay que dar la cara, no esconderse. Aunque creo que tambi\u00e9n el contexto que estamos viviendo en el pa\u00eds lleva a un aumento en los n\u00fameros\u201d.<\/p>\n<p>Finalmente, hablando de la trascendencia de la llegada de un funcionario de primera l\u00ednea al distrito, el integrante del Concejo Deliberante concluy\u00f3 que \u201ces bueno que nos visiten\u201d, y destac\u00f3 sobre Berni en especial que \u201ces un tipo que m\u00e1s all\u00e1 de que uno est\u00e9 de acuerdo o no con sus declaraciones vino en los momentos m\u00e1s dif\u00edciles\u201d, por ejemplo, \u201ccuando tuvimos que cerrar la ciudad\u201d.<\/p>\n","protected":false},"excerpt":{"rendered":"<p>El concejal Jorge Mart\u00ednez brind\u00f3 detalles acerca de la visita del ministro Sergio Berni a Necochea, oportunidad en la que hizo entrega de seis nuevos patrulleros para la Polic\u00eda Rural. El municipio solicit\u00f3 m\u00e1s m\u00f3viles y asistencia econ\u00f3mica para el centro de monitoreo y la reparaci\u00f3n edilicia de instituciones de la fuerza. Con la seguridad [&hellip;]<\/p>\n","protected":false},"author":3,"featured_media":83097,"comment_status":"closed","ping_status":"closed","sticky":false,"template":"","format":"standard","meta":{"footnotes":""},"categories":[3],"tags":[],"class_list":["post-89575","post","type-post","status-publish","format-standard","has-post-thumbnail","category-masnoticias"],"_links":{"self":[{"href":"https:\/\/primicias2262.com\/noticias\/wp-json\/wp\/v2\/posts\/89575","targetHints":{"allow":["GET"]}}],"collection":[{"href":"https:\/\/primicias2262.com\/noticias\/wp-json\/wp\/v2\/posts"}],"about":[{"href":"https:\/\/primicias2262.com\/noticias\/wp-json\/wp\/v2\/types\/post"}],"author":[{"embeddable":true,"href":"https:\/\/primicias2262.com\/noticias\/wp-json\/wp\/v2\/users\/3"}],"replies":[{"embeddable":true,"href":"https:\/\/primicias2262.com\/noticias\/wp-json\/wp\/v2\/comments?post=89575"}],"version-history":[{"count":0,"href":"https:\/\/primicias2262.com\/noticias\/wp-json\/wp\/v2\/posts\/89575\/revisions"}],"wp:attachment":[{"href":"https:\/\/primicias2262.com\/noticias\/wp-json\/wp\/v2\/media?parent=89575"}],"wp:term":[{"taxonomy":"category","embeddable":true,"href":"https:\/\/primicias2262.com\/noticias\/wp-json\/wp\/v2\/categories?post=89575"},{"taxonomy":"post_tag","embeddable":true,"href":"https:\/\/primicias2262.com\/noticias\/wp-json\/wp\/v2\/tags?post=89575"}],"curies":[{"name":"wp","href":"https:\/\/api.w.org\/{rel}","templated":true}]}}