{"id":89577,"date":"2022-05-05T14:13:24","date_gmt":"2022-05-05T17:13:24","guid":{"rendered":"https:\/\/primicias2262.com\/?p=89577"},"modified":"2022-05-05T14:13:24","modified_gmt":"2022-05-05T17:13:24","slug":"el-municipio-firmo-convenios-por-mas-recambio-de-luminarias-en-las-localidades-del-distrito","status":"publish","type":"post","link":"https:\/\/primicias2262.com\/noticias\/el-municipio-firmo-convenios-por-mas-recambio-de-luminarias-en-las-localidades-del-distrito\/","title":{"rendered":"El municipio firm\u00f3 convenios por m\u00e1s recambio de luminarias en las localidades del distrito"},"content":{"rendered":"<p><strong>El Municipio firm\u00f3 convenios esta semana junto a cooperativas el\u00e9ctricas del distrito y la regi\u00f3n para seguir avanzando con la modernizaci\u00f3n de la iluminaci\u00f3n p\u00fablica en los diferentes pueblos y parajes.<\/strong><\/p>\n<p>Dichas obras est\u00e1n presupuestadas dentro de la Secretar\u00eda de Obras y Servicios P\u00fablicos por un monto de <strong>8.500.000 pesos<\/strong>, y el convenio se firm\u00f3 entre el titular de la misma, Adri\u00e1n Furno, y las cooperativas el\u00e9ctricas de Juan N. Fern\u00e1ndez y La Dulce, para la colocaci\u00f3n de nuevas luminarias en esas localidades, como as\u00ed en Claraz y Paraje La Negra.<\/p>\n<p>Mientras tanto, se hizo lo propio junto a la Cooperativa El\u00e9ctrica de San Cayetano para el recambio de artefactos de vapor de sodio por LED en Ram\u00f3n Santamarina y Energ\u00eda.<\/p>\n<p>Al respecto, Furno sintetiz\u00f3 que \u201cson obras que se pidieron por los distintos delegados en las localidades y est\u00e1n relevadas por las cooperativas para ejecutarlas en breve en los lugares donde se estableci\u00f3\u201d.<\/p>\n<p>En detalle, la Direcci\u00f3n de Obras P\u00fablicas inform\u00f3 que 62 luminarias se recambiar\u00e1n en La Dulce; un total de 75 en Juan N. Fern\u00e1ndez; siete en Claraz y seis en el Paraje La Negra. Al tiempo que, entre la localidad de Ram\u00f3n Santamarina y el Paraje Energ\u00eda, se recambiar\u00e1n otras 28 luminarias. Todo ello por un monto total de 8.500.000 de pesos, financiados con fondos municipales.<\/p>\n","protected":false},"excerpt":{"rendered":"<p>El Municipio firm\u00f3 convenios esta semana junto a cooperativas el\u00e9ctricas del distrito y la regi\u00f3n para seguir avanzando con la modernizaci\u00f3n de la iluminaci\u00f3n p\u00fablica en los diferentes pueblos y parajes. Dichas obras est\u00e1n presupuestadas dentro de la Secretar\u00eda de Obras y Servicios P\u00fablicos por un monto de 8.500.000 pesos, y el convenio se firm\u00f3 [&hellip;]<\/p>\n","protected":false},"author":3,"featured_media":89578,"comment_status":"closed","ping_status":"closed","sticky":false,"template":"","format":"standard","meta":{"footnotes":""},"categories":[3],"tags":[],"class_list":["post-89577","post","type-post","status-publish","format-standard","has-post-thumbnail","category-masnoticias"],"_links":{"self":[{"href":"https:\/\/primicias2262.com\/noticias\/wp-json\/wp\/v2\/posts\/89577","targetHints":{"allow":["GET"]}}],"collection":[{"href":"https:\/\/primicias2262.com\/noticias\/wp-json\/wp\/v2\/posts"}],"about":[{"href":"https:\/\/primicias2262.com\/noticias\/wp-json\/wp\/v2\/types\/post"}],"author":[{"embeddable":true,"href":"https:\/\/primicias2262.com\/noticias\/wp-json\/wp\/v2\/users\/3"}],"replies":[{"embeddable":true,"href":"https:\/\/primicias2262.com\/noticias\/wp-json\/wp\/v2\/comments?post=89577"}],"version-history":[{"count":0,"href":"https:\/\/primicias2262.com\/noticias\/wp-json\/wp\/v2\/posts\/89577\/revisions"}],"wp:attachment":[{"href":"https:\/\/primicias2262.com\/noticias\/wp-json\/wp\/v2\/media?parent=89577"}],"wp:term":[{"taxonomy":"category","embeddable":true,"href":"https:\/\/primicias2262.com\/noticias\/wp-json\/wp\/v2\/categories?post=89577"},{"taxonomy":"post_tag","embeddable":true,"href":"https:\/\/primicias2262.com\/noticias\/wp-json\/wp\/v2\/tags?post=89577"}],"curies":[{"name":"wp","href":"https:\/\/api.w.org\/{rel}","templated":true}]}}