{"id":89595,"date":"2022-05-06T10:59:30","date_gmt":"2022-05-06T13:59:30","guid":{"rendered":"https:\/\/primicias2262.com\/?p=89595"},"modified":"2022-05-06T10:59:30","modified_gmt":"2022-05-06T13:59:30","slug":"el-consejo-escolar-consiguio-35-millones-de-pesos-para-refaccionar-jardines-y-escuelas","status":"publish","type":"post","link":"https:\/\/primicias2262.com\/noticias\/el-consejo-escolar-consiguio-35-millones-de-pesos-para-refaccionar-jardines-y-escuelas\/","title":{"rendered":"El Consejo Escolar consigui\u00f3 35 millones de pesos para refaccionar jardines y escuelas"},"content":{"rendered":"<p>Contempla distintos arreglos en seis instituciones del distrito que ten\u00edan serios inconvenientes edilicios. La llegada de los fondos fue confirmada luego de una reuni\u00f3n con el subsecretario provincial de Infraestructura Escolar. Adem\u00e1s, el funcionario asumi\u00f3 el compromiso de terminar de construir el Jard\u00edn N\u00ba 919 y comenzar con una reparaci\u00f3n de techos por etapas en 40 establecimientos.<\/p>\n<p>Luego de un gran trabajo previo y gestiones realizadas en la ciudad La Plata, el Consejo Escolar de Necochea anunci\u00f3 que llegar\u00e1n al distrito de Necochea m\u00e1s de 35 millones de pesos que ser\u00e1n destinados a distintas refacciones en instituciones educativas que requer\u00edan urgentemente de la asistencia.<\/p>\n<p>En el aire de Voces de la Ciudad, Silvina Jensen Menna y Elizabeth Ortega, quienes viajaron este mi\u00e9rcoles hacia la capital bonaerense para reunirse con el subsecretario de Infraestructura Escolar, Ariel Lambezat, detallaron que los fondos ser\u00e1n distribuidos de la siguiente manera:<\/p>\n<p>\u2022 Jard\u00edn de Infantes N\u00b0 917: $647.497,03 para refacciones varias: Filtraciones, niveles de pisos exteriores, reparaci\u00f3n de revoques y sanitarios, entre otras.<br \/>\n\u2022 Escuela Primaria N\u00b0 1: $2.912.385,47 para refacciones varias: Cielorrasos, revoques, desag\u00fces, pluviales y ejecuci\u00f3n de rampa, entre otras.<br \/>\n\u2022 Escuela Secundaria N\u00b0 5: $7.848.053,99 para ampliaci\u00f3n de dos aulas.<br \/>\n\u2022 Escuela T\u00e9cnica N\u00b0 1: $814.050,09 para refacci\u00f3n de cerco perimetral y $11.149.311,19 para ampliaci\u00f3n del sector de taller.<br \/>\n\u2022 Escuela T\u00e9cnica N\u00b0 2: $8.023.078,10 para refacci\u00f3n de cubiertas.<br \/>\n\u2022 Escuela Secundaria Agraria N\u00b01 de Ram\u00f3n Santamarina: $3.866.316,48 para refacciones generales debido al incendio.<\/p>\n<p>\u201cEl encuentro fue muy productivo\u201d, garantiz\u00f3 Jensen Menna en FM Vinilo 103.5 MHz, revelando que \u201cestuvimos m\u00e1s de una hora reunidas y (el subsecretario) nos dio una idea de c\u00f3mo agilizar varios tr\u00e1mites para resolver m\u00e1s r\u00e1pido las necesidades de arreglos en algunas escuelas\u201d, al tiempo que \u201cnos dieron la primicia de la incorporaci\u00f3n de obras que ya ven\u00edamos pidiendo, y que hab\u00edamos llevado en carpeta, para que se pueda empezar a hacer todo el proceso licitatorio\u201d.<\/p>\n<p>Por su lado, Ortega explic\u00f3 que esta ayuda llega en el marco del \u201cPrograma de Emergencia Educativa, si bien algunas ten\u00edan m\u00e1s tiempo de solicitadas\u201d, sobre lo que remarc\u00f3: \u201cEl Estado provincial, claramente, tiene una intenci\u00f3n de hacer inversiones para que las escuelas est\u00e1n en condiciones y esto qued\u00f3 m\u00e1s que claro ayer\u201d.<\/p>\n<p>Como si estas gestiones no hubieran sido lo suficientemente satisfactorias, las consejeras adelantaron que \u201cllevamos obras nuevas, como la del Jard\u00edn N\u00ba 919, que est\u00e1 paralizada desde 2015, y hay una clara intenci\u00f3n de terminar esa obra, que se necesita tanto para los barrios que est\u00e1n atr\u00e1s del Hospital (Ferreyra)\u201d.<\/p>\n<p>En este caso, observando los montos presupuestados anteriormente y haciendo una actualizaci\u00f3n aproximada en el mismo despacho del funcionario bonaerense, \u201ces un trabajo que, a los valores de hoy, necesitar\u00eda de unos 70 millones de pesos\u201d, por lo que como \u201cel Concejo Escolar tiene un l\u00edmite de manejo de montos de obra, podemos licitar obras hasta 30 millones, estamos viendo qu\u00e9 mecanismo es m\u00e1s apropiados para llevarla adelante, y se podr\u00eda hacer a trav\u00e9s del municipio\u201d, manifestaron.<\/p>\n<p>Adem\u00e1s, las gestiones incluyeron la llegada de un Sal\u00f3n de Usos M\u00faltiples para la Escuela de Educaci\u00f3n Especial N\u00ba 503 de Quequ\u00e9n; cercos perimetrales para la Escuela Primaria N\u00ba 48 y Secundaria N\u00aa 16 y la Escuela N\u00ba 47 de Villa Zabala; y \u201cun modelo de reparaci\u00f3n por etapas, empezando por las m\u00e1s complejas que las tenemos diagnosticadas y los fondos van a llegar r\u00e1pido, para empezar ya con cuatro de los 40 techos de escuelas en el distrito que tienen problemas serios\u201d.<\/p>\n","protected":false},"excerpt":{"rendered":"<p>Contempla distintos arreglos en seis instituciones del distrito que ten\u00edan serios inconvenientes edilicios. La llegada de los fondos fue confirmada luego de una reuni\u00f3n con el subsecretario provincial de Infraestructura Escolar. Adem\u00e1s, el funcionario asumi\u00f3 el compromiso de terminar de construir el Jard\u00edn N\u00ba 919 y comenzar con una reparaci\u00f3n de techos por etapas en [&hellip;]<\/p>\n","protected":false},"author":3,"featured_media":89596,"comment_status":"closed","ping_status":"closed","sticky":false,"template":"","format":"standard","meta":{"footnotes":""},"categories":[3],"tags":[],"class_list":["post-89595","post","type-post","status-publish","format-standard","has-post-thumbnail","category-masnoticias"],"_links":{"self":[{"href":"https:\/\/primicias2262.com\/noticias\/wp-json\/wp\/v2\/posts\/89595","targetHints":{"allow":["GET"]}}],"collection":[{"href":"https:\/\/primicias2262.com\/noticias\/wp-json\/wp\/v2\/posts"}],"about":[{"href":"https:\/\/primicias2262.com\/noticias\/wp-json\/wp\/v2\/types\/post"}],"author":[{"embeddable":true,"href":"https:\/\/primicias2262.com\/noticias\/wp-json\/wp\/v2\/users\/3"}],"replies":[{"embeddable":true,"href":"https:\/\/primicias2262.com\/noticias\/wp-json\/wp\/v2\/comments?post=89595"}],"version-history":[{"count":0,"href":"https:\/\/primicias2262.com\/noticias\/wp-json\/wp\/v2\/posts\/89595\/revisions"}],"wp:attachment":[{"href":"https:\/\/primicias2262.com\/noticias\/wp-json\/wp\/v2\/media?parent=89595"}],"wp:term":[{"taxonomy":"category","embeddable":true,"href":"https:\/\/primicias2262.com\/noticias\/wp-json\/wp\/v2\/categories?post=89595"},{"taxonomy":"post_tag","embeddable":true,"href":"https:\/\/primicias2262.com\/noticias\/wp-json\/wp\/v2\/tags?post=89595"}],"curies":[{"name":"wp","href":"https:\/\/api.w.org\/{rel}","templated":true}]}}