{"id":89600,"date":"2022-05-06T11:10:29","date_gmt":"2022-05-06T14:10:29","guid":{"rendered":"https:\/\/primicias2262.com\/?p=89600"},"modified":"2022-05-06T11:10:29","modified_gmt":"2022-05-06T14:10:29","slug":"la-pena-local-somos-boca-organiza-una-fiesta-para-oficializar-su-comision-directiva","status":"publish","type":"post","link":"https:\/\/primicias2262.com\/noticias\/la-pena-local-somos-boca-organiza-una-fiesta-para-oficializar-su-comision-directiva\/","title":{"rendered":"La pe\u00f1a local \u201cSomos Boca\u201d organiza una fiesta para oficializar su comisi\u00f3n directiva"},"content":{"rendered":"<p>Ser\u00e1 este domingo 8 de mayo en el sal\u00f3n de fiestas del Club Necopesca. Las entradas para el almuerzo, casi agotadas, tienen un valor de 3500 pesos e incluyen sorteos y fotos con las r\u00e9plicas de copas conseguidas por el primer equipo de f\u00fatbol masculino.<\/p>\n<p>Minutos despu\u00e9s del mediod\u00eda de este domingo 8 de mayo los bosteros de Necochea se estar\u00e1n congregando en el sal\u00f3n de fiestas del Club Necopesca, en la ribera del R\u00edo Quequ\u00e9n, para participar en la inauguraci\u00f3n de la pe\u00f1a local \u201cSomos Boca\u201d, a trav\u00e9s de un almuerzo que contar\u00e1 con la presencia de dirigentes, sorteos y fotos con las r\u00e9plicas de algunas copas de relevancia ganadas por el primer equipo de f\u00fatbol masculino de la instituci\u00f3n.<\/p>\n<p>En el programa radial Voces de la Ciudad, la presidenta y el tesorero de la flamante Comisi\u00f3n Directiva, que quedar\u00e1 oficializada ese mismo d\u00eda, Roc\u00edo Mu\u00f1oz y Facundo Zubillaga, contaron algunos detalles acerca del evento y el presente de la agrupaci\u00f3n.<\/p>\n<p><a href=\"https:\/\/primicias2262.com\/wp-content\/uploads\/2022\/05\/Boca-2.jpg\"><img loading=\"lazy\" decoding=\"async\" class=\"aligncenter size-full wp-image-89602\" src=\"https:\/\/primicias2262.com\/wp-content\/uploads\/2022\/05\/Boca-2.jpg\" alt=\"\" width=\"1024\" height=\"576\" \/><\/a><\/p>\n<p>Bajo el lema \u201c\u00a1Boca siempre es fiesta!\u201d, a las 12:30 \u201cnos vamos a juntar los bosteros de la ciudad para celebrar e inaugurar, de alguna manera, nuestra pe\u00f1a\u201d, comenz\u00f3 explicando la fan\u00e1tica xeneize, detallando al respecto que, si bien \u201cvenimos trabajando hace bastante, desde 2015, cuando empezamos a sacar micros y viajar a la cancha, despu\u00e9s vino la pandemia y esto es como el festejo de nuestra oficializaci\u00f3n\u201d.<\/p>\n<p>Sobre la capacidad del evento, para el que quedan muy poquitas entradas disponibles, con un valor de 3500 pesos, \u201cnos permitieron unas 140 personas, pero cuando fui a buscar las tarjetas e hicimos las publicaciones en redes, a las dos horas ya ten\u00edamos 60 anotados\u201d.<\/p>\n<p>Por su parte, Zubillaga revel\u00f3 que el domingo estar\u00e1n visitando Necochea \u201cel presidente del Departamento Interior y Exterior, la figura m\u00e1xima que engloba las pe\u00f1as y consulados que tiene Boca diseminados por el mundo, Carlos Colombo; y el prosecretario del club, Alejandro Vega\u201d, adem\u00e1s de la presencia de pe\u00f1as de localidades vecinas y muchos colaboradores de la primera de las \u00e1reas institucionales, \u201cquienes trabajan todos los d\u00edas con nosotros\u201d.<\/p>\n<p>Con respecto al tema de la oficializaci\u00f3n de la agrupaci\u00f3n, rese\u00f1\u00f3 que \u201cest\u00e1bamos trabajando bastante informalmente con los lugares que ocupaba cada uno\u201d y \u201cahora la idea es tratar de empezar a crear las secretar\u00edas para trabajar en lo que m\u00e1s hace Boca en sus pe\u00f1as, que es la acci\u00f3n social. No solamente es ir a la cancha, por eso decimos que somos m\u00e1s que una pe\u00f1a\u201d.<\/p>\n<p>Antes de despedirse del aire de Voces de la Ciudad, los nuevos dirigentes adelantaron que el objetivo futuro es \u201cformar una asociaci\u00f3n civil, para poder alquilar una sede, poder sumar socios propios o tener una cuenta bancaria para que todo sea transparente, pero todo tiene un proceso y lleva su tiempo\u201d.<\/p>\n","protected":false},"excerpt":{"rendered":"<p>Ser\u00e1 este domingo 8 de mayo en el sal\u00f3n de fiestas del Club Necopesca. Las entradas para el almuerzo, casi agotadas, tienen un valor de 3500 pesos e incluyen sorteos y fotos con las r\u00e9plicas de copas conseguidas por el primer equipo de f\u00fatbol masculino. Minutos despu\u00e9s del mediod\u00eda de este domingo 8 de mayo [&hellip;]<\/p>\n","protected":false},"author":3,"featured_media":89603,"comment_status":"closed","ping_status":"closed","sticky":false,"template":"","format":"standard","meta":{"footnotes":""},"categories":[3],"tags":[],"class_list":["post-89600","post","type-post","status-publish","format-standard","has-post-thumbnail","category-masnoticias"],"_links":{"self":[{"href":"https:\/\/primicias2262.com\/noticias\/wp-json\/wp\/v2\/posts\/89600","targetHints":{"allow":["GET"]}}],"collection":[{"href":"https:\/\/primicias2262.com\/noticias\/wp-json\/wp\/v2\/posts"}],"about":[{"href":"https:\/\/primicias2262.com\/noticias\/wp-json\/wp\/v2\/types\/post"}],"author":[{"embeddable":true,"href":"https:\/\/primicias2262.com\/noticias\/wp-json\/wp\/v2\/users\/3"}],"replies":[{"embeddable":true,"href":"https:\/\/primicias2262.com\/noticias\/wp-json\/wp\/v2\/comments?post=89600"}],"version-history":[{"count":0,"href":"https:\/\/primicias2262.com\/noticias\/wp-json\/wp\/v2\/posts\/89600\/revisions"}],"wp:attachment":[{"href":"https:\/\/primicias2262.com\/noticias\/wp-json\/wp\/v2\/media?parent=89600"}],"wp:term":[{"taxonomy":"category","embeddable":true,"href":"https:\/\/primicias2262.com\/noticias\/wp-json\/wp\/v2\/categories?post=89600"},{"taxonomy":"post_tag","embeddable":true,"href":"https:\/\/primicias2262.com\/noticias\/wp-json\/wp\/v2\/tags?post=89600"}],"curies":[{"name":"wp","href":"https:\/\/api.w.org\/{rel}","templated":true}]}}