{"id":89623,"date":"2022-05-07T14:24:30","date_gmt":"2022-05-07T17:24:30","guid":{"rendered":"https:\/\/primicias2262.com\/?p=89623"},"modified":"2022-05-07T14:24:30","modified_gmt":"2022-05-07T17:24:30","slug":"no-hay-mas-casos-de-los-que-son-esperables-observo-nicolas-molina-sobre-la-hepatitis","status":"publish","type":"post","link":"https:\/\/primicias2262.com\/noticias\/no-hay-mas-casos-de-los-que-son-esperables-observo-nicolas-molina-sobre-la-hepatitis\/","title":{"rendered":"\u201cNo hay m\u00e1s casos de los que son esperables\u201d, observ\u00f3 Nicol\u00e1s Molina sobre la hepatitis"},"content":{"rendered":"<p>El m\u00e9dico pediatra asegur\u00f3 que \u201chay que llevar tranquilidad porque, por ahora, no hay nada tan firme como para preocuparnos\u201d. La alerta m\u00e9dica se despert\u00f3 en el Reino Unido con la aparici\u00f3n de casos sin origen definido, aunque por la \u201cgran cobertura de vacunaci\u00f3n, la mayor\u00eda de las hepatitis que tenemos en Argentina son no especificadas\u201d, relativiz\u00f3.<\/p>\n<p>Ante la alerta m\u00e9dica mundial que despert\u00f3 la aparici\u00f3n de casos de hepatitis pedi\u00e1trica aguda en el Reino Unido, y luego de informadas algunas de estas infecciones en la Argentina (los n\u00fameros extraoficiales difieren de un reporte al otro), el doctor Nicol\u00e1s Molina asegur\u00f3 en el programa Voces de la Ciudad que, \u201cen principio, hay que llevar tranquilidad, porque a veces estas cosas llevan mucha preocupaci\u00f3n y, por ahora, no hay nada tan firme como para preocuparnos\u201d.<\/p>\n<p>El m\u00e9dico especializado en la atenci\u00f3n de la ni\u00f1ez insisti\u00f3 en que \u201ctodav\u00eda est\u00e1 en estudio\u201d, mientras que \u201cen la Argentina no se han superado la cantidad de casos esperables para esta \u00e9poca, lo que significa que no tenemos m\u00e1s casos de lo habitual\u201d.<\/p>\n<p>En el aire de la FM Vinilo 103.5 MHz, el profesional de la salud explic\u00f3 sobre la g\u00e9nesis de esta afecci\u00f3n que se dio \u201chace unos dos meses en el Reino Unido y empez\u00f3 a desparramarse. Es un caso de hepatitis no especificado, eso significa que no le encontramos el origen\u201d, aunque \u201cse empezaron a ver asociados a un virus en particular que es muy viejo y conocido por nosotros, que se llama adenovirus, que normalmente genera resfr\u00edos, alguna otitis o crisis asm\u00e1tica\u201d.<\/p>\n<p>Aclarado esto, el pediatra se\u00f1al\u00f3 que \u201ccomo nosotros tenemos una gran cobertura de vacunaci\u00f3n para hepatitis A y B, por suerte y porque somos \u2018bastantes hinchas\u2019 con el tema, la mayor\u00eda de las hepatitis son no especificadas, o sea que son de este tipo. Por supuesto que, con esta alerta, uno va a empezar a buscar m\u00e1s finamente de donde vienen las hepatitis que estamos viendo, pero a esta altura, al 6 de mayo, no hay m\u00e1s casos de los que son esperables para esta \u00e9poca del a\u00f1o\u201d, termin\u00f3 remarcando.<\/p>\n<p>Luego de indicar que los s\u00edntomas son los cl\u00e1sicos para esta enfermedad, como el cansancio excesivo, la falta de apetito y \u201cla aparici\u00f3n de lo que nosotros llamamos ictericia, un poquito m\u00e1s tard\u00edamente, que es ese color amarillo primero de los ojos y despu\u00e9s bajando hacia la piel\u201d, o circunstanciales fiebres y dolores abdominales del lado derecho, aunque estas \u00faltimas se\u00f1ales no son t\u00edpicas, Molina aconsej\u00f3 que los cuidados preventivos son \u201cel lavado de manos y el agua segura, siempre va a ser as\u00ed para la hepatitis\u201d.<\/p>\n<p>Por \u00faltimo, aprovechando el espacio de comunicaci\u00f3n, el especialista del Hospital Municipal \u201cDr. Emilio Ferreyra\u201d habl\u00f3 del brote de algunas afecciones respiratorias entre los m\u00e1s chicos. \u201cLos pediatras decimos que siempre preferimos el Covid antes que la gripe, porque la gripe s\u00ed complica a los ni\u00f1os\u201d.<\/p>\n<p>\u201cEn este momento estamos en una ola m\u00e1s normalmente esperable para junio o julio, pero este a\u00f1o vino fuerte, vino con todo, y la estrategia preventiva es el lavado de manos siempre, la detecci\u00f3n temprana, observar la respiraci\u00f3n, porque vemos algunos chicos que se complican con un broncoespasmo o alguna bronquiolitis, el cuidado de los choques de temperatura y evitar los aglomerados\u201d, indic\u00f3 el m\u00e9dico.<\/p>\n","protected":false},"excerpt":{"rendered":"<p>El m\u00e9dico pediatra asegur\u00f3 que \u201chay que llevar tranquilidad porque, por ahora, no hay nada tan firme como para preocuparnos\u201d. La alerta m\u00e9dica se despert\u00f3 en el Reino Unido con la aparici\u00f3n de casos sin origen definido, aunque por la \u201cgran cobertura de vacunaci\u00f3n, la mayor\u00eda de las hepatitis que tenemos en Argentina son no [&hellip;]<\/p>\n","protected":false},"author":3,"featured_media":89633,"comment_status":"closed","ping_status":"closed","sticky":false,"template":"","format":"standard","meta":{"footnotes":""},"categories":[3],"tags":[],"class_list":["post-89623","post","type-post","status-publish","format-standard","has-post-thumbnail","category-masnoticias"],"_links":{"self":[{"href":"https:\/\/primicias2262.com\/noticias\/wp-json\/wp\/v2\/posts\/89623","targetHints":{"allow":["GET"]}}],"collection":[{"href":"https:\/\/primicias2262.com\/noticias\/wp-json\/wp\/v2\/posts"}],"about":[{"href":"https:\/\/primicias2262.com\/noticias\/wp-json\/wp\/v2\/types\/post"}],"author":[{"embeddable":true,"href":"https:\/\/primicias2262.com\/noticias\/wp-json\/wp\/v2\/users\/3"}],"replies":[{"embeddable":true,"href":"https:\/\/primicias2262.com\/noticias\/wp-json\/wp\/v2\/comments?post=89623"}],"version-history":[{"count":0,"href":"https:\/\/primicias2262.com\/noticias\/wp-json\/wp\/v2\/posts\/89623\/revisions"}],"wp:attachment":[{"href":"https:\/\/primicias2262.com\/noticias\/wp-json\/wp\/v2\/media?parent=89623"}],"wp:term":[{"taxonomy":"category","embeddable":true,"href":"https:\/\/primicias2262.com\/noticias\/wp-json\/wp\/v2\/categories?post=89623"},{"taxonomy":"post_tag","embeddable":true,"href":"https:\/\/primicias2262.com\/noticias\/wp-json\/wp\/v2\/tags?post=89623"}],"curies":[{"name":"wp","href":"https:\/\/api.w.org\/{rel}","templated":true}]}}