{"id":89625,"date":"2022-05-07T14:39:31","date_gmt":"2022-05-07T17:39:31","guid":{"rendered":"https:\/\/primicias2262.com\/?p=89625"},"modified":"2022-05-07T14:39:31","modified_gmt":"2022-05-07T17:39:31","slug":"un-aprehendido-en-una-causa-por-hurto-y-amenazas-agravadas","status":"publish","type":"post","link":"https:\/\/primicias2262.com\/noticias\/un-aprehendido-en-una-causa-por-hurto-y-amenazas-agravadas\/","title":{"rendered":"Un aprehendido en una causa por hurto y amenazas agravadas"},"content":{"rendered":"<p>A ra\u00edz de una denuncia realizada el 15 de marzo pasado por una mujer de 35 a\u00f1os, en la que inform\u00f3 que al regresar a su domicilio sito en calle 66 al 9900 constata faltante de varias pertenencias del interior, como as\u00ed tambi\u00e9n una mesa, refiriendo que posee sospechas de un vecino, que en anteriores oportunidades la ha amenazado de muerte.<\/p>\n<p><a href=\"https:\/\/primicias2262.com\/wp-content\/uploads\/2022\/05\/WhatsApp-Image-2022-05-07-at-1.05.38-PM.jpeg\"><img loading=\"lazy\" decoding=\"async\" class=\"alignright size-medium wp-image-89627\" src=\"https:\/\/primicias2262.com\/wp-content\/uploads\/2022\/05\/WhatsApp-Image-2022-05-07-at-1.05.38-PM-184x300.jpeg\" alt=\"\" width=\"184\" height=\"300\" \/><\/a>As\u00ed, la DDI local reuni\u00f3 elementos para la investigaci\u00f3n, logr\u00e1ndose identificar al investigado y solicitando la realizaci\u00f3n de un allanamiento, que se efectiviz\u00f3 en un domicilio de calle 60 entre 197 y 199 de nuestra ciudad.<\/p>\n<p>Durante el procedimiento se secuestr\u00f3 una carabina calibre 22 largo marca Browing, una carabina calibre 22 largo marca Winchester, municiones el mismo calibre, como as\u00ed tambi\u00e9n prendas de vestir y una mesa tipo ratona. La autoridad judicial dispuso la aprehensi\u00f3n de un sujeto de 45 a\u00f1os investigado por los delitos de amenazas agravadas, encubrimiento e infracci\u00f3n al art\u00edculo 189 bis del C\u00f3digo Penal.<\/p>\n","protected":false},"excerpt":{"rendered":"<p>A ra\u00edz de una denuncia realizada el 15 de marzo pasado por una mujer de 35 a\u00f1os, en la que inform\u00f3 que al regresar a su domicilio sito en calle 66 al 9900 constata faltante de varias pertenencias del interior, como as\u00ed tambi\u00e9n una mesa, refiriendo que posee sospechas de un vecino, que en anteriores [&hellip;]<\/p>\n","protected":false},"author":3,"featured_media":89626,"comment_status":"closed","ping_status":"closed","sticky":false,"template":"","format":"standard","meta":{"footnotes":""},"categories":[3],"tags":[],"class_list":["post-89625","post","type-post","status-publish","format-standard","has-post-thumbnail","category-masnoticias"],"_links":{"self":[{"href":"https:\/\/primicias2262.com\/noticias\/wp-json\/wp\/v2\/posts\/89625","targetHints":{"allow":["GET"]}}],"collection":[{"href":"https:\/\/primicias2262.com\/noticias\/wp-json\/wp\/v2\/posts"}],"about":[{"href":"https:\/\/primicias2262.com\/noticias\/wp-json\/wp\/v2\/types\/post"}],"author":[{"embeddable":true,"href":"https:\/\/primicias2262.com\/noticias\/wp-json\/wp\/v2\/users\/3"}],"replies":[{"embeddable":true,"href":"https:\/\/primicias2262.com\/noticias\/wp-json\/wp\/v2\/comments?post=89625"}],"version-history":[{"count":0,"href":"https:\/\/primicias2262.com\/noticias\/wp-json\/wp\/v2\/posts\/89625\/revisions"}],"wp:attachment":[{"href":"https:\/\/primicias2262.com\/noticias\/wp-json\/wp\/v2\/media?parent=89625"}],"wp:term":[{"taxonomy":"category","embeddable":true,"href":"https:\/\/primicias2262.com\/noticias\/wp-json\/wp\/v2\/categories?post=89625"},{"taxonomy":"post_tag","embeddable":true,"href":"https:\/\/primicias2262.com\/noticias\/wp-json\/wp\/v2\/tags?post=89625"}],"curies":[{"name":"wp","href":"https:\/\/api.w.org\/{rel}","templated":true}]}}