{"id":89634,"date":"2022-05-07T15:03:49","date_gmt":"2022-05-07T18:03:49","guid":{"rendered":"https:\/\/primicias2262.com\/?p=89634"},"modified":"2022-05-07T15:03:49","modified_gmt":"2022-05-07T18:03:49","slug":"llevan-adelante-tareas-para-reacondicionar-la-plazas-de-la-ciudad","status":"publish","type":"post","link":"https:\/\/primicias2262.com\/noticias\/llevan-adelante-tareas-para-reacondicionar-la-plazas-de-la-ciudad\/","title":{"rendered":"Llevan adelante tareas para reacondicionar la plazas de la ciudad"},"content":{"rendered":"<p>Bajo la coordinaci\u00f3n de la Secretar\u00eda de Planeamiento y Obras P\u00fablicas, la Direcci\u00f3n de Servicios P\u00fablicos lleva adelante un cronograma para mejorar las condiciones de las plazas p\u00fabicas de la ciudad, trabajando actualmente en cada sector de la Plaza Isabel La Cat\u00f3lica.<\/p>\n<p>En dicho espacio verde que se encuentra comprendido por las calles 73-75 y 42-44, se realiz\u00f3 el desmonte de las losas rotas, limpieza de los canteros, remodelaci\u00f3n de los juegos y limpieza de baldosones invadidos por la gramilla, mientras que de manera simult\u00e1nea, desde Infraestructura se comienza a preparar el bacheo en un sector de Av. 42 entre 73 y 75.<\/p>\n<p>El inicio de dicho cronograma, vale destacar, se dio con la plaza \u201cMalvinas Argentinas\u201d, ubicada en 47 y 54, frente al Jard\u00edn de Infantes Pirin Pin Pon, donde se colocaron nuevos juegos y bancos, y se realiz\u00f3 un embellecimiento en general.<\/p>\n<p>En virtud de ello, el director de Servicios P\u00fablicos, Ariel Rodr\u00edguez, manifest\u00f3 que el objetivo es ir dejando las plazas de la ciudad en las mejores condiciones: terminadas, pintadas, con los caminos transitables y prolijas, tomando como referencia el trabajo de mantenimiento permanente que se hace en la plaza central de la ciudad, la \u201cDardo Rocha\u201d.<\/p>\n","protected":false},"excerpt":{"rendered":"<p>Bajo la coordinaci\u00f3n de la Secretar\u00eda de Planeamiento y Obras P\u00fablicas, la Direcci\u00f3n de Servicios P\u00fablicos lleva adelante un cronograma para mejorar las condiciones de las plazas p\u00fabicas de la ciudad, trabajando actualmente en cada sector de la Plaza Isabel La Cat\u00f3lica. En dicho espacio verde que se encuentra comprendido por las calles 73-75 y [&hellip;]<\/p>\n","protected":false},"author":3,"featured_media":89635,"comment_status":"closed","ping_status":"closed","sticky":false,"template":"","format":"standard","meta":{"footnotes":""},"categories":[3],"tags":[],"class_list":["post-89634","post","type-post","status-publish","format-standard","has-post-thumbnail","category-masnoticias"],"_links":{"self":[{"href":"https:\/\/primicias2262.com\/noticias\/wp-json\/wp\/v2\/posts\/89634","targetHints":{"allow":["GET"]}}],"collection":[{"href":"https:\/\/primicias2262.com\/noticias\/wp-json\/wp\/v2\/posts"}],"about":[{"href":"https:\/\/primicias2262.com\/noticias\/wp-json\/wp\/v2\/types\/post"}],"author":[{"embeddable":true,"href":"https:\/\/primicias2262.com\/noticias\/wp-json\/wp\/v2\/users\/3"}],"replies":[{"embeddable":true,"href":"https:\/\/primicias2262.com\/noticias\/wp-json\/wp\/v2\/comments?post=89634"}],"version-history":[{"count":0,"href":"https:\/\/primicias2262.com\/noticias\/wp-json\/wp\/v2\/posts\/89634\/revisions"}],"wp:attachment":[{"href":"https:\/\/primicias2262.com\/noticias\/wp-json\/wp\/v2\/media?parent=89634"}],"wp:term":[{"taxonomy":"category","embeddable":true,"href":"https:\/\/primicias2262.com\/noticias\/wp-json\/wp\/v2\/categories?post=89634"},{"taxonomy":"post_tag","embeddable":true,"href":"https:\/\/primicias2262.com\/noticias\/wp-json\/wp\/v2\/tags?post=89634"}],"curies":[{"name":"wp","href":"https:\/\/api.w.org\/{rel}","templated":true}]}}