{"id":89655,"date":"2022-05-08T13:01:18","date_gmt":"2022-05-08T16:01:18","guid":{"rendered":"https:\/\/primicias2262.com\/?p=89655"},"modified":"2022-05-08T13:01:18","modified_gmt":"2022-05-08T16:01:18","slug":"dos-hombres-detenidos-por-una-estafa-con-cheque-apocrifos","status":"publish","type":"post","link":"https:\/\/primicias2262.com\/noticias\/dos-hombres-detenidos-por-una-estafa-con-cheque-apocrifos\/","title":{"rendered":"Dos hombres detenidos por una estafa con cheque ap\u00f3crifos"},"content":{"rendered":"<p>Dos hombres fueron aprehendidos en Balcarce imputados de cometer una estafa con cheque ap\u00f3crifos con los que intentaron comprar productos agroqu\u00edmicos en un comercio ubicado en Quequ\u00e9n.<\/p>\n<p>La DDI Necochea inici\u00f3 la investigaci\u00f3n tras recibir una denuncia denuncia del titular de\u00a0 comercio del rubro agroqu\u00edmicos, ubicado en Avenida 575 y 542 de Quequ\u00e9n, quien refieri\u00f3 haber recibido una comunicaci\u00f3n telef\u00f3nica por parte de un \u201ccliente\u201d quien le hace consultas por una compra de productos realizada d\u00edas atr\u00e1s y abonada con un cheque por el monto aproximado de $700.000.<\/p>\n<p>El supuesto \u00abcliente\u00bb le habr\u00eda manifestado que al d\u00eda siguiente concurrir\u00eda un comisionista con otro cheque para retirar el resto de los productos de la compra. Vale decir que desde el comercio, se detect\u00f3 que el primer cartular que hab\u00edan recibido se trataba de un cheque ap\u00f3crifo, por lo que advertidos de una nueva posible maniobra de estafa, pusieron en conocimiento de la situaci\u00f3n al personal de la DDI.<\/p>\n<p>As\u00ed entonces, se puso en inmediato conocimiento a la autoridad judicial interviniente, mont\u00e1ndose posteriormente un operativo en inmediaciones del comercio a partir de la tarde del d\u00eda jueves 5 de Mayo. Se presenta as\u00ed un hombre bordo de un veh\u00edculo tipo combi, quien a la postre resulta ser un comisionista oriundo de Balcarce quien hab\u00eda sido contratado por dos personas de sexo masculino, quienes le hab\u00edan entregado un sobre y brind\u00e1ndole indicaciones para retirar los productos en la ciudad Quequ\u00e9n<\/p>\n<p>En poder de esta persona el personal policial secuestr\u00f3 un cheque (presuntamente ap\u00f3crifo), un remito y una nota dirigida a la empresa de agroqu\u00edmicos. A partir de este momento, se empezaron a coordinar acciones con personal de la Sub DDI Balcarce, y una comisi\u00f3n de la DDI Necochea, que se traslad\u00f3 a la vecina ciudad.<\/p>\n<p>All\u00ed se efectuaron m\u00faltiples relevamientos de c\u00e1maras p\u00fablicas y privadas en la estaci\u00f3n de servicio ubicada en Ruta 55 en la entrada a San Agust\u00edn y con los datos aportados por el comisionista, los uniformados lograron establecer la presencia en la ciudad de Balcarce de los dos sujetos quienes se dirigieron hacia Mar del Plata.<\/p>\n<p>En horas del mediod\u00eda del viernes pasado se detect\u00f3 el ingreso a Balcarce, procedente desde Mar del Plata, de un veh\u00edculo Peugeot 508 de color oscuro en el cual se trasladaban las dos personas en pos de establecer contacto con el comisionista a quien hab\u00edan encargado el tr\u00e1mite.<\/p>\n<p>As\u00ed las cosas, el personal interviniente procedi\u00f3 a interceptar el rodado en Avenida Kelly entre 19 y 21 de Balcarce y a las aprehensiones de los dos hombres (59 y 70 a\u00f1os respectivamente).<\/p>\n<p>Seg\u00fan se inform\u00f3, se procedi\u00f3 con el resguardo preventivo del rodado, requiriendo a la justicia de garant\u00edas requisa para el rodado y allanamientos para los domicilios de los aprehendidos quienes en la tarde de ayer, fueron trasladados desde Balcarce a esta ciudad. Al mediod\u00eda del d\u00eda de la fecha, se otorgaron las \u00f3rdenes de allanamientos y orden de requisa para el rodado secuestrado.<\/p>\n<p>Los allanamientos, en los domicilios de Av. Luro al 2200 y Los Manzanos 3500 de Mar del Plata, m\u00e1s la requisa del automotor se llevaron en conjunto con personal de la DDI Mar del Plata y Sub DDI Balcarce, logr\u00e1ndose el secuestro de varios cheques, telefon\u00eda m\u00f3vil, varias tarjetas Sim Card de diversas prestatarias, como as\u00ed tambi\u00e9n anotaciones con datos de tr\u00e1mites comerciales, elementos que ser\u00e1n analizados.<\/p>\n<p>Con las pruebas colectadas, en las \u00faltimas horas de la tarde, la Justicia de Garant\u00edas convirti\u00f3 en detenci\u00f3n la aprehensi\u00f3n de los dos masculinos imputados.<\/p>\n","protected":false},"excerpt":{"rendered":"<p>Dos hombres fueron aprehendidos en Balcarce imputados de cometer una estafa con cheque ap\u00f3crifos con los que intentaron comprar productos agroqu\u00edmicos en un comercio ubicado en Quequ\u00e9n. La DDI Necochea inici\u00f3 la investigaci\u00f3n tras recibir una denuncia denuncia del titular de\u00a0 comercio del rubro agroqu\u00edmicos, ubicado en Avenida 575 y 542 de Quequ\u00e9n, quien refieri\u00f3 [&hellip;]<\/p>\n","protected":false},"author":3,"featured_media":89656,"comment_status":"closed","ping_status":"closed","sticky":false,"template":"","format":"standard","meta":{"footnotes":""},"categories":[3],"tags":[],"class_list":["post-89655","post","type-post","status-publish","format-standard","has-post-thumbnail","category-masnoticias"],"_links":{"self":[{"href":"https:\/\/primicias2262.com\/noticias\/wp-json\/wp\/v2\/posts\/89655","targetHints":{"allow":["GET"]}}],"collection":[{"href":"https:\/\/primicias2262.com\/noticias\/wp-json\/wp\/v2\/posts"}],"about":[{"href":"https:\/\/primicias2262.com\/noticias\/wp-json\/wp\/v2\/types\/post"}],"author":[{"embeddable":true,"href":"https:\/\/primicias2262.com\/noticias\/wp-json\/wp\/v2\/users\/3"}],"replies":[{"embeddable":true,"href":"https:\/\/primicias2262.com\/noticias\/wp-json\/wp\/v2\/comments?post=89655"}],"version-history":[{"count":0,"href":"https:\/\/primicias2262.com\/noticias\/wp-json\/wp\/v2\/posts\/89655\/revisions"}],"wp:attachment":[{"href":"https:\/\/primicias2262.com\/noticias\/wp-json\/wp\/v2\/media?parent=89655"}],"wp:term":[{"taxonomy":"category","embeddable":true,"href":"https:\/\/primicias2262.com\/noticias\/wp-json\/wp\/v2\/categories?post=89655"},{"taxonomy":"post_tag","embeddable":true,"href":"https:\/\/primicias2262.com\/noticias\/wp-json\/wp\/v2\/tags?post=89655"}],"curies":[{"name":"wp","href":"https:\/\/api.w.org\/{rel}","templated":true}]}}