{"id":89658,"date":"2022-05-08T13:07:25","date_gmt":"2022-05-08T16:07:25","guid":{"rendered":"https:\/\/primicias2262.com\/?p=89658"},"modified":"2022-05-08T13:07:25","modified_gmt":"2022-05-08T16:07:25","slug":"el-centro-cultural-recibio-una-coleccion-de-historietas","status":"publish","type":"post","link":"https:\/\/primicias2262.com\/noticias\/el-centro-cultural-recibio-una-coleccion-de-historietas\/","title":{"rendered":"El Centro Cultural recibi\u00f3 una colecci\u00f3n de historietas"},"content":{"rendered":"<p>El Centro Cultural Necochea Biblioteca Popular Andr\u00e9s Ferreyra (CCN\/BPAF) recibi\u00f3 una<br \/>\ncolecci\u00f3n de historietas que fue donada por el profesor y socio de la instituci\u00f3n, Juan Carlos<br \/>\nVerrecchia.<\/p>\n<p>\u201cEs parte de mi colecci\u00f3n de historietas, destinada al lector adolescente y adulto por la<br \/>\ntem\u00e1tica que se aborda\u201d, explic\u00f3.<\/p>\n<p>El profesor se\u00f1al\u00f3 que leer historietas, \u201cpodemos equipararlo a leer ficci\u00f3n\u201d entre los que se<br \/>\nencuentran \u201cnovelas, cuentos e historietas\u201d.<\/p>\n<p>Destac\u00f3 que, en la historieta, se trata de \u201cla combinaci\u00f3n de imagen y palabra\u201d por lo que \u201clo aproximo m\u00e1s a mirar una pel\u00edcula y no un libro\u201d, es decir que se trata \u201cun poco de seguir la acci\u00f3n a trav\u00e9s de la imagen y de los subt\u00edtulos\u201d.<\/p>\n<p>Las historietas narran una historia en forma secuenciada utilizando solo dibujos combinados con palabras. Cada momento, cada parte de la secuencia de la historieta se representa con un cuadro al que se le denomina vi\u00f1eta. Mafalda, Superman y Jaimito son ejemplos de historietas.<\/p>\n<p>Los libros donados a la Biblioteca Popular Andr\u00e9s Ferreyra se suman de esta manera, al fondo existente destinado a pr\u00e9stamos para socios, o bien a la lectura en sala para todo el p\u00fablico.<\/p>\n<p>Est\u00e1 ubicada en el primer piso de la instituci\u00f3n, y est\u00e1 abierta de lunes a viernes de 14 a 20.<\/p>\n","protected":false},"excerpt":{"rendered":"<p>El Centro Cultural Necochea Biblioteca Popular Andr\u00e9s Ferreyra (CCN\/BPAF) recibi\u00f3 una colecci\u00f3n de historietas que fue donada por el profesor y socio de la instituci\u00f3n, Juan Carlos Verrecchia. \u201cEs parte de mi colecci\u00f3n de historietas, destinada al lector adolescente y adulto por la tem\u00e1tica que se aborda\u201d, explic\u00f3. El profesor se\u00f1al\u00f3 que leer historietas, \u201cpodemos [&hellip;]<\/p>\n","protected":false},"author":3,"featured_media":89659,"comment_status":"closed","ping_status":"closed","sticky":false,"template":"","format":"standard","meta":{"footnotes":""},"categories":[3],"tags":[],"class_list":["post-89658","post","type-post","status-publish","format-standard","has-post-thumbnail","category-masnoticias"],"_links":{"self":[{"href":"https:\/\/primicias2262.com\/noticias\/wp-json\/wp\/v2\/posts\/89658","targetHints":{"allow":["GET"]}}],"collection":[{"href":"https:\/\/primicias2262.com\/noticias\/wp-json\/wp\/v2\/posts"}],"about":[{"href":"https:\/\/primicias2262.com\/noticias\/wp-json\/wp\/v2\/types\/post"}],"author":[{"embeddable":true,"href":"https:\/\/primicias2262.com\/noticias\/wp-json\/wp\/v2\/users\/3"}],"replies":[{"embeddable":true,"href":"https:\/\/primicias2262.com\/noticias\/wp-json\/wp\/v2\/comments?post=89658"}],"version-history":[{"count":0,"href":"https:\/\/primicias2262.com\/noticias\/wp-json\/wp\/v2\/posts\/89658\/revisions"}],"wp:attachment":[{"href":"https:\/\/primicias2262.com\/noticias\/wp-json\/wp\/v2\/media?parent=89658"}],"wp:term":[{"taxonomy":"category","embeddable":true,"href":"https:\/\/primicias2262.com\/noticias\/wp-json\/wp\/v2\/categories?post=89658"},{"taxonomy":"post_tag","embeddable":true,"href":"https:\/\/primicias2262.com\/noticias\/wp-json\/wp\/v2\/tags?post=89658"}],"curies":[{"name":"wp","href":"https:\/\/api.w.org\/{rel}","templated":true}]}}