{"id":89680,"date":"2022-05-09T12:54:59","date_gmt":"2022-05-09T15:54:59","guid":{"rendered":"https:\/\/primicias2262.com\/?p=89680"},"modified":"2022-05-09T12:54:59","modified_gmt":"2022-05-09T15:54:59","slug":"en-poco-mas-de-un-mes-comenzaran-a-construirse-el-techo-del-anfiteatro-y-la-pista-de-atletismo-municipal","status":"publish","type":"post","link":"https:\/\/primicias2262.com\/noticias\/en-poco-mas-de-un-mes-comenzaran-a-construirse-el-techo-del-anfiteatro-y-la-pista-de-atletismo-municipal\/","title":{"rendered":"En poco m\u00e1s de un mes, comenzar\u00e1n a construirse el techo del Anfiteatro y la Pista de Atletismo Municipal"},"content":{"rendered":"<p>Las obras ya fueron adjudicadas y faltan detalles para dar inicio a los trabajos. Las ofertas ganadoras fueron de 53 y 49 millones de pesos y estar\u00edan terminadas en 8 y 6 meses, respectivamente. El municipio tambi\u00e9n aprob\u00f3 la licitaci\u00f3n de la \u00faltima etapa del plan LED y el 17 de mayo se definir\u00e1 el futuro del \u201cBarrio de la Terminal\u201d.<\/p>\n<p>La Municipalidad de Necochea oficializ\u00f3 la semana pasada, luego de abiertos los sobres de un par de oferentes por cada llamado, que ya fueron adjudicadas por la Comisi\u00f3n Evaluadora el techado del Anfiteatro \u201cPedro Arozarena\u201d y la esperada construcci\u00f3n de la Pista de Atletismo en el Polideportivo con el que cuenta la comuna en Avenida 10 y 67.<\/p>\n<p>En el programa radial Voces de la Ciudad, Lisandro Dones, director de H\u00e1bitat, Vivienda y Obras Comunitarias, explic\u00f3 que \u201ceran obras que hab\u00edan quedado pendientes del a\u00f1o pasado, con precio base de junio de 2021\u201d, por lo que las actualizaciones de los montos deber\u00e1n ser absorbidas, en parte, con nuevos fondos del Programa Argentina Hace, \u201cque ya estamos gestionando en Naci\u00f3n\u201d, y con recursos propios del municipio.<\/p>\n<p>\u201cEn esta misma semana ya se va a terminar de definir la situaci\u00f3n, se firmar\u00e1n los contratos y, en base a eso, ya tendremos en los pr\u00f3ximos 30 o 40 d\u00edas organizado el inicio de ambas obras\u201d, confirm\u00f3 el funcionario de la Secretar\u00eda de Planeamiento, Obras y Servicios P\u00fablicos, que lidera Adri\u00e1n Furno.<\/p>\n<p>Con respecto a la primera, el arquitecto certific\u00f3 que fue adjudicada a la empresa local Kosco SRL por un monto de 53 millones de pesos, mientras que \u201cestimamos que en 8 meses estar\u00e1 concluida\u201d, asever\u00f3 sobre los plazos de ejecuci\u00f3n. Asimismo, destac\u00f3 sobre la misma que \u201ctiene dos etapas: la primera y la m\u00e1s importante, que es la de ahora, con la estructura, las bases y las columnas de hormig\u00f3n. Despu\u00e9s va la cubierta, con tres capas y la materializaci\u00f3n de la chapa\u201d.<\/p>\n<p>\u201cEn una segunda etapa, que vamos a lanzar si Dios quiere a fin de a\u00f1o, es el sistema ac\u00fastico, porque no olvidemos que es un lugar donde se van a realizar conciertos, obras de teatro, y tiene que quedar ac\u00fasticamente funcional\u201d, destac\u00f3 el Director, recordando que la licitaci\u00f3n incluye tambi\u00e9n \u201cla iluminaci\u00f3n del sector y el mejoramiento del acceso desde calle 89\u201d.<\/p>\n<p>En cuanto a la Pista de Atletismo, Dones revel\u00f3 que fue otorgada a la firma Vicoli SRL, \u201ccon una base de 49 millones de pesos\u201d, remarcando que se trata de \u201cuna obra ic\u00f3nica, muy importante para la ciudad de Necochea, porque despu\u00e9s de d\u00e9cadas vamos a tener un lugar para que hagan deporte los m\u00e1s de 600 chicos\u201d que asisten por d\u00eda al Polideportivo.<\/p>\n<p>Este proyecto, incluye \u201cgradas, vestuarios, iluminaci\u00f3n completa, un cerco perimetral de seguridad; y tenemos 6 meses de obra, pero estimamos hacerla en menos tiempo, por lo menos la parte de la pista\u201d, discrimin\u00f3 el titular municipal de H\u00e1bitat, Vivienda y Obras Comunitarias.<\/p>\n<p>Recordando que tambi\u00e9n fue licitada la \u00faltima etapa del plan de iluminaci\u00f3n Led en avenidas y corredores neur\u00e1lgicos de Necochea y Quequ\u00e9n, que estar\u00e1 a cargo de la empresa RG con un presupuesto de 12 millones de pesos (4 por encima del oficial de base), \u201cuna obra que est\u00e1bamos esperando porque, con esto, culminar\u00edamos todo el circuito de avenidas con el recambio de luminarias\u201d, el funcionario adelant\u00f3 sobre lo que viene que el pr\u00f3ximo martes 17 de mayo se estar\u00e1n abriendo las propuestas para la urbanizaci\u00f3n del \u201cBarrio de la Terminal\u201d.<\/p>\n<p>\u201cHemos trabajado much\u00edsimo para obtenerla, una obra de 170 millones de pesos que proveer\u00e1 de infraestructura b\u00e1sica, iluminaci\u00f3n, cord\u00f3n cuneta, agua y cloacas\u201d al lugar y que, \u201caparte, va a tener el mejorado de la Avenida 43, el asfaltado de dos cuadras, y la recuperaci\u00f3n del galp\u00f3n de la Escuela de Arte para que pueda ser utilizado como SUM por la comunidad\u201d, resalt\u00f3 el arquitecto para terminar.<\/p>\n","protected":false},"excerpt":{"rendered":"<p>Las obras ya fueron adjudicadas y faltan detalles para dar inicio a los trabajos. Las ofertas ganadoras fueron de 53 y 49 millones de pesos y estar\u00edan terminadas en 8 y 6 meses, respectivamente. El municipio tambi\u00e9n aprob\u00f3 la licitaci\u00f3n de la \u00faltima etapa del plan LED y el 17 de mayo se definir\u00e1 el [&hellip;]<\/p>\n","protected":false},"author":3,"featured_media":81873,"comment_status":"closed","ping_status":"closed","sticky":false,"template":"","format":"standard","meta":{"footnotes":""},"categories":[3],"tags":[],"class_list":["post-89680","post","type-post","status-publish","format-standard","has-post-thumbnail","category-masnoticias"],"_links":{"self":[{"href":"https:\/\/primicias2262.com\/noticias\/wp-json\/wp\/v2\/posts\/89680","targetHints":{"allow":["GET"]}}],"collection":[{"href":"https:\/\/primicias2262.com\/noticias\/wp-json\/wp\/v2\/posts"}],"about":[{"href":"https:\/\/primicias2262.com\/noticias\/wp-json\/wp\/v2\/types\/post"}],"author":[{"embeddable":true,"href":"https:\/\/primicias2262.com\/noticias\/wp-json\/wp\/v2\/users\/3"}],"replies":[{"embeddable":true,"href":"https:\/\/primicias2262.com\/noticias\/wp-json\/wp\/v2\/comments?post=89680"}],"version-history":[{"count":0,"href":"https:\/\/primicias2262.com\/noticias\/wp-json\/wp\/v2\/posts\/89680\/revisions"}],"wp:attachment":[{"href":"https:\/\/primicias2262.com\/noticias\/wp-json\/wp\/v2\/media?parent=89680"}],"wp:term":[{"taxonomy":"category","embeddable":true,"href":"https:\/\/primicias2262.com\/noticias\/wp-json\/wp\/v2\/categories?post=89680"},{"taxonomy":"post_tag","embeddable":true,"href":"https:\/\/primicias2262.com\/noticias\/wp-json\/wp\/v2\/tags?post=89680"}],"curies":[{"name":"wp","href":"https:\/\/api.w.org\/{rel}","templated":true}]}}