{"id":89691,"date":"2022-05-10T13:47:26","date_gmt":"2022-05-10T16:47:26","guid":{"rendered":"https:\/\/primicias2262.com\/?p=89691"},"modified":"2022-05-10T13:47:26","modified_gmt":"2022-05-10T16:47:26","slug":"en-un-hecho-historico-el-colegio-de-martilleros-local-dirimira-sus-autoridades-en-una-eleccion","status":"publish","type":"post","link":"https:\/\/primicias2262.com\/noticias\/en-un-hecho-historico-el-colegio-de-martilleros-local-dirimira-sus-autoridades-en-una-eleccion\/","title":{"rendered":"En un hecho hist\u00f3rico, el Colegio de Martilleros local dirimir\u00e1 sus autoridades en una elecci\u00f3n"},"content":{"rendered":"<p>Este viernes 13 de mayo, el Colegio de Martilleros y Corredores P\u00fablicos del Departamento Judicial Necochea vivir\u00e1 un hecho hist\u00f3rico cuando sean dos las facciones que se enfrenten en comicios abiertos, entre sus 65 matriculados, disputando la conducci\u00f3n pol\u00edtica de la entidad.<\/p>\n<p>Cabeza de la Lista Celeste \u201cRenovaci\u00f3n y cambio\u201d, Rolando Rodr\u00edguez, quien actualmente ocupa la presidencia de manera interina, visit\u00f3 el estudio de Voces de la Ciudad para contar c\u00f3mo se viven los momentos previos a esta elecci\u00f3n y las perspectivas a futuro en caso de superar a la propuesta opositora que propone como candidito a Sebasti\u00e1n Sarasibar.<\/p>\n<p>Asegur\u00f3 que \u201cpor supuesto, esto es un acto eleccionario entre colegas y tiene que ser en el marco de la mayor cordialidad\u201d, el loberense confirm\u00f3 que se trata de \u201cun hecho hist\u00f3rico porque es la primera vez que se van a realizar comicios. Se presentaron dos listas y esto es bueno para la instituci\u00f3n, que haya gente con ganas de participar\u201d.<\/p>\n<p>Quien supo ocupar cargos en su distrito como consejero escolar y tambi\u00e9n como concejal revel\u00f3 sobre el armado de la opci\u00f3n Celeste que \u201csoy de valorar mucho las trayectorias y los m\u00e9ritos. Las trayectorias porque te hacen ver a trav\u00e9s del tiempo los comportamientos que tienen los profesionales en las distintas actividades; y el m\u00e9rito porque me parece que cualquier persona que pretende conducir o acercarse a trabajar de manera colegial tiene que tener cierta actividad previa\u201d.<\/p>\n<p>Se\u00f1aladas estas caracter\u00edsticas, \u201cnosotros tenemos gente que siendo joven en la profesi\u00f3n tiene trayectoria y trabajo colegial, habiendo participado ya en las actividades del colegio, y a su vez gente hist\u00f3rica de la profesi\u00f3n\u201d, afirm\u00f3 el profesional con 38 a\u00f1os en el rubro.<\/p>\n<p>Sobre los lineamientos que seguir\u00e1 su conducci\u00f3n, en caso de salir triunfantes este viernes, Rodr\u00edguez remarc\u00f3 que, \u201ccomo asesores calificados, el Colegio tiene que estar para contener al colegiado y, fundamentalmente, para capacitarlo. Hoy la diferencia se marca estando muy capacitado\u201d y, para ello, buscar\u00e1 implementar un sistema de incentivos que bonifique en la cuota anual a aquellos quienes participen en las distintas instancias de formaci\u00f3n propuestas por la entidad.<\/p>\n<p>Adem\u00e1s, el presidente interino record\u00f3 que \u201cuna de las actividades principales del Colegio (con competencia en los distritos de Necochea, Lober\u00eda y San Cayetano) es combatir toda la cuesti\u00f3n de la ilegalidad. Quienes est\u00e9n sin ser martilleros colegiados ejerciendo circunstancialmente una actividad que es de incumbencia nuestra, es algo que no se puede permitir, porque nosotros somos asesores calificados, somos profesionales, la ley exige hacer una carrera de grado para esto\u201d.<\/p>\n<p>Para despedirse del aire de FM Vinilo 103.5 MHz, no sin antes anunciar que estar\u00e1n realizando en conjunto con sus pares de Bah\u00eda Blanca una charla sobre Criptomonedas el viernes 20 de mayo, desde las 13, para lo que convocar\u00e1n tambi\u00e9n a abogados, contadores y escribanos, el martillero opin\u00f3 sobre la controvertida Ley de Alquileres.<\/p>\n<p>\u201cPretendemos una ley que no enfrente a quienes tienen necesidades de alquilar, los que tiene la propiedad y los martilleros, ac\u00e1 no hay culpables. Esto es una situaci\u00f3n que se da por la necesidad de falta de viviendas, porque no se realizan viviendas sociales desde hace much\u00edsimos a\u00f1os, y hay una gran demanda de alquileres, mucho mayor que la oferta\u201d. En ese contexto, \u201cpedimos volver a los t\u00e9rminos del plazo contractual de la ley anterior, que pase de 36 a 24 meses, y que el ajuste no sea anual en un contexto de tanta inflaci\u00f3n, sino semestral\u201d, enumer\u00f3 el candidato a presidente definiendo su postura.<\/p>\n","protected":false},"excerpt":{"rendered":"<p>Este viernes 13 de mayo, el Colegio de Martilleros y Corredores P\u00fablicos del Departamento Judicial Necochea vivir\u00e1 un hecho hist\u00f3rico cuando sean dos las facciones que se enfrenten en comicios abiertos, entre sus 65 matriculados, disputando la conducci\u00f3n pol\u00edtica de la entidad. Cabeza de la Lista Celeste \u201cRenovaci\u00f3n y cambio\u201d, Rolando Rodr\u00edguez, quien actualmente ocupa [&hellip;]<\/p>\n","protected":false},"author":3,"featured_media":89692,"comment_status":"closed","ping_status":"closed","sticky":false,"template":"","format":"standard","meta":{"footnotes":""},"categories":[3],"tags":[],"class_list":["post-89691","post","type-post","status-publish","format-standard","has-post-thumbnail","category-masnoticias"],"_links":{"self":[{"href":"https:\/\/primicias2262.com\/noticias\/wp-json\/wp\/v2\/posts\/89691","targetHints":{"allow":["GET"]}}],"collection":[{"href":"https:\/\/primicias2262.com\/noticias\/wp-json\/wp\/v2\/posts"}],"about":[{"href":"https:\/\/primicias2262.com\/noticias\/wp-json\/wp\/v2\/types\/post"}],"author":[{"embeddable":true,"href":"https:\/\/primicias2262.com\/noticias\/wp-json\/wp\/v2\/users\/3"}],"replies":[{"embeddable":true,"href":"https:\/\/primicias2262.com\/noticias\/wp-json\/wp\/v2\/comments?post=89691"}],"version-history":[{"count":0,"href":"https:\/\/primicias2262.com\/noticias\/wp-json\/wp\/v2\/posts\/89691\/revisions"}],"wp:attachment":[{"href":"https:\/\/primicias2262.com\/noticias\/wp-json\/wp\/v2\/media?parent=89691"}],"wp:term":[{"taxonomy":"category","embeddable":true,"href":"https:\/\/primicias2262.com\/noticias\/wp-json\/wp\/v2\/categories?post=89691"},{"taxonomy":"post_tag","embeddable":true,"href":"https:\/\/primicias2262.com\/noticias\/wp-json\/wp\/v2\/tags?post=89691"}],"curies":[{"name":"wp","href":"https:\/\/api.w.org\/{rel}","templated":true}]}}