{"id":89701,"date":"2022-05-10T13:59:16","date_gmt":"2022-05-10T16:59:16","guid":{"rendered":"https:\/\/primicias2262.com\/?p=89701"},"modified":"2022-05-10T13:59:16","modified_gmt":"2022-05-10T16:59:16","slug":"desde-manana-habra-transito-restringido-en-el-puente-dardo-rocha","status":"publish","type":"post","link":"https:\/\/primicias2262.com\/noticias\/desde-manana-habra-transito-restringido-en-el-puente-dardo-rocha\/","title":{"rendered":"Desde ma\u00f1ana habr\u00e1 tr\u00e1nsito restringido en el Puente Dardo Rocha"},"content":{"rendered":"<p>La Direcci\u00f3n de Tr\u00e1nsito informa que a partir de este mi\u00e9rcoles 11, y hasta el s\u00e1bado 21 inclusive, s\u00f3lo se habilitar\u00e1 una mano para el paso vehicular en el Puente Dardo Rocha, debido a trabajos de mantenimiento que se deben ejecutar en un ca\u00f1o troncal que lo cruza y que llevar\u00e1 al menos 10 d\u00edas para su reparaci\u00f3n.<\/p>\n<p>Cabe decir que desde ma\u00f1ana y hasta este viernes 13, y de lunes a viernes de la semana venidera, el corte ser\u00e1 de 7 a 16. En tanto que este s\u00e1bado y el otro, d\u00eda que se presume se terminar\u00e1 la tarea, ser\u00e1 de 7 a 14.<\/p>\n<p>Vale aclarar que habr\u00e1 personal del \u00e1rea constantemente ordenando el paso de mano y seg\u00fan el desarrollo de los trabajos.<\/p>\n<p>Asimismo, se determin\u00f3 que en este lapso solo se habilitar\u00e1 el tr\u00e1nsito liviano, es decir veh\u00edculos y camionetas.<\/p>\n","protected":false},"excerpt":{"rendered":"<p>La Direcci\u00f3n de Tr\u00e1nsito informa que a partir de este mi\u00e9rcoles 11, y hasta el s\u00e1bado 21 inclusive, s\u00f3lo se habilitar\u00e1 una mano para el paso vehicular en el Puente Dardo Rocha, debido a trabajos de mantenimiento que se deben ejecutar en un ca\u00f1o troncal que lo cruza y que llevar\u00e1 al menos 10 d\u00edas [&hellip;]<\/p>\n","protected":false},"author":3,"featured_media":84852,"comment_status":"closed","ping_status":"closed","sticky":false,"template":"","format":"standard","meta":{"footnotes":""},"categories":[3],"tags":[],"class_list":["post-89701","post","type-post","status-publish","format-standard","has-post-thumbnail","category-masnoticias"],"_links":{"self":[{"href":"https:\/\/primicias2262.com\/noticias\/wp-json\/wp\/v2\/posts\/89701","targetHints":{"allow":["GET"]}}],"collection":[{"href":"https:\/\/primicias2262.com\/noticias\/wp-json\/wp\/v2\/posts"}],"about":[{"href":"https:\/\/primicias2262.com\/noticias\/wp-json\/wp\/v2\/types\/post"}],"author":[{"embeddable":true,"href":"https:\/\/primicias2262.com\/noticias\/wp-json\/wp\/v2\/users\/3"}],"replies":[{"embeddable":true,"href":"https:\/\/primicias2262.com\/noticias\/wp-json\/wp\/v2\/comments?post=89701"}],"version-history":[{"count":0,"href":"https:\/\/primicias2262.com\/noticias\/wp-json\/wp\/v2\/posts\/89701\/revisions"}],"wp:attachment":[{"href":"https:\/\/primicias2262.com\/noticias\/wp-json\/wp\/v2\/media?parent=89701"}],"wp:term":[{"taxonomy":"category","embeddable":true,"href":"https:\/\/primicias2262.com\/noticias\/wp-json\/wp\/v2\/categories?post=89701"},{"taxonomy":"post_tag","embeddable":true,"href":"https:\/\/primicias2262.com\/noticias\/wp-json\/wp\/v2\/tags?post=89701"}],"curies":[{"name":"wp","href":"https:\/\/api.w.org\/{rel}","templated":true}]}}