{"id":89731,"date":"2022-05-11T12:29:29","date_gmt":"2022-05-11T15:29:29","guid":{"rendered":"https:\/\/primicias2262.com\/?p=89731"},"modified":"2022-05-11T12:29:29","modified_gmt":"2022-05-11T15:29:29","slug":"peralta-va-por-la-reeleccion-en-urgara-hemos-madurado","status":"publish","type":"post","link":"https:\/\/primicias2262.com\/noticias\/peralta-va-por-la-reeleccion-en-urgara-hemos-madurado\/","title":{"rendered":"Peralta va por la reelecci\u00f3n en Urgara: \u201cHemos madurado\u201d"},"content":{"rendered":"<p>Al frente de la Agrupaci\u00f3n Azul y Blanca, una lista de unidad que se form\u00f3 a nivel nacional con Pablo Palacio como m\u00e1ximo referente, Juan Carlos Peralta se postula a secretario general de la Regional Necochea y ocupar\u00e1 la vocal\u00eda primera del pa\u00eds. Habl\u00f3 de la transici\u00f3n del poder en la CGT y tambi\u00e9n en FeMPINRA.<\/p>\n<p>El gremialista pas\u00f3 por el piso de Voces de la Ciudad para hacer un balance de la realidad gremial que vive el distrito, cuando un proceso de madurez y seriedad aparenta haberse instalado entre la voluntad de los dirigentes y todo parece fluir como pocas veces antes en el entramado sindical.<\/p>\n<p>En cuanto a lo propio, \u201cJuanqui\u201d revel\u00f3 que en un encuentro realizado en la ciudad de Pergamino qued\u00f3 oficializada la Agrupaci\u00f3n Azul y Blanca para los pr\u00f3ximos comicios nacionales del 9 de junio, una lista de unidad que encabezar\u00e1 el actual secretario general, Pablo Palacio, tambi\u00e9n cabeza de la regional Bah\u00eda Blanca.<\/p>\n<p>\u201cSi bien es una lista sola, ahora vamos a empezar con una especie de campa\u00f1a. Vamos a tener algunos encuentros en las provincias de C\u00f3rdoba y Santa Fe, m\u00e1s un cierre en la localidad de Tres Arroyos, que pertenece a Necochea\u201d, adelant\u00f3 el referente, quien buscar\u00e1 su relecci\u00f3n en la conducci\u00f3n local acompa\u00f1ado por un \u201cequipo espectacular de trabajo, con gente joven que viene con mucha fuerza. Eso es lo que a uno lo reconforta y le da ganas de seguir\u201d, asegur\u00f3.<\/p>\n<p>Vale destacar que, a nivel nacional y con el nuevo armado, la regional local mantendr\u00e1 la primera vocal\u00eda en la mesa directiva, en manos del propio Peralta, mientras que \u201cen la Comisi\u00f3n Revisora de Cuentas estar\u00e1 el compa\u00f1ero Rodrigo Esparza y tambi\u00e9n tenemos a cargo la prosecretaria de prensa\u201d, explic\u00f3 el dirigente.<\/p>\n<p>Con respecto a la conducci\u00f3n dom\u00e9stica de la CGT, que qued\u00f3 en manos del binomio Demian Ledesma (La Bancaria) y Alberto Peralta (Sindicato de Choferes de Camiones), el l\u00edder de Urgara se\u00f1al\u00f3: \u201cNosotros tuvimos nuestras diferencias, pero celebro esto, porque los dirigentes gremiales hemos madurado, y mucho. Pudimos ponernos de acuerdo y, sin ning\u00fan tipo de discusi\u00f3n, dialogar y aceptar esto\u201d.<\/p>\n<p>En ese contexto, adem\u00e1s, \u201cel resto de los gremios no tuvimos problemas en acompa\u00f1ar ocupando secretar\u00edas, porque es muy importante que estemos juntos, los trabajadores somos el principal motor para que esto salga adelante\u201d, asever\u00f3.<\/p>\n<p>Por \u00faltimo, el gremialista tambi\u00e9n habl\u00f3 de la FeMPINRA y del traspaso del mando a manos de Gustavo Gavil\u00e1n, actual titular de Dragado y Balizamiento, quien suplanta en el rol a Tom\u00e1s \u201cChino\u201d Mart\u00ednez (asumi\u00f3 el secretariado nacional de la Obra Social del Personal Mar\u00edtimo \u201cOSPM\u201d). \u201cEs algo similar, estamos contentos porque es un dirigente que ha trabajado mucho y todos los dem\u00e1s gremios vamos a estar acompa\u00f1ado\u201d<\/p>\n","protected":false},"excerpt":{"rendered":"<p>Al frente de la Agrupaci\u00f3n Azul y Blanca, una lista de unidad que se form\u00f3 a nivel nacional con Pablo Palacio como m\u00e1ximo referente, Juan Carlos Peralta se postula a secretario general de la Regional Necochea y ocupar\u00e1 la vocal\u00eda primera del pa\u00eds. Habl\u00f3 de la transici\u00f3n del poder en la CGT y tambi\u00e9n en [&hellip;]<\/p>\n","protected":false},"author":3,"featured_media":89732,"comment_status":"closed","ping_status":"closed","sticky":false,"template":"","format":"standard","meta":{"footnotes":""},"categories":[3],"tags":[],"class_list":["post-89731","post","type-post","status-publish","format-standard","has-post-thumbnail","category-masnoticias"],"_links":{"self":[{"href":"https:\/\/primicias2262.com\/noticias\/wp-json\/wp\/v2\/posts\/89731","targetHints":{"allow":["GET"]}}],"collection":[{"href":"https:\/\/primicias2262.com\/noticias\/wp-json\/wp\/v2\/posts"}],"about":[{"href":"https:\/\/primicias2262.com\/noticias\/wp-json\/wp\/v2\/types\/post"}],"author":[{"embeddable":true,"href":"https:\/\/primicias2262.com\/noticias\/wp-json\/wp\/v2\/users\/3"}],"replies":[{"embeddable":true,"href":"https:\/\/primicias2262.com\/noticias\/wp-json\/wp\/v2\/comments?post=89731"}],"version-history":[{"count":0,"href":"https:\/\/primicias2262.com\/noticias\/wp-json\/wp\/v2\/posts\/89731\/revisions"}],"wp:attachment":[{"href":"https:\/\/primicias2262.com\/noticias\/wp-json\/wp\/v2\/media?parent=89731"}],"wp:term":[{"taxonomy":"category","embeddable":true,"href":"https:\/\/primicias2262.com\/noticias\/wp-json\/wp\/v2\/categories?post=89731"},{"taxonomy":"post_tag","embeddable":true,"href":"https:\/\/primicias2262.com\/noticias\/wp-json\/wp\/v2\/tags?post=89731"}],"curies":[{"name":"wp","href":"https:\/\/api.w.org\/{rel}","templated":true}]}}