{"id":89743,"date":"2022-05-12T12:38:14","date_gmt":"2022-05-12T15:38:14","guid":{"rendered":"https:\/\/primicias2262.com\/?p=89743"},"modified":"2022-05-12T12:38:14","modified_gmt":"2022-05-12T15:38:14","slug":"atrapan-al-ultimo-miembro-de-una-banda-mientras-seguia-vendiendo-cocaina","status":"publish","type":"post","link":"https:\/\/primicias2262.com\/noticias\/atrapan-al-ultimo-miembro-de-una-banda-mientras-seguia-vendiendo-cocaina\/","title":{"rendered":"Atrapan al \u00faltimo miembro de una banda, mientras segu\u00eda vendiendo cocaina"},"content":{"rendered":"<p>El personal de la Delegaci\u00f3n Departamental de Investigaciones del Tr\u00e1fico de Drogas Il\u00edcitas logr\u00f3 detener al \u00faltimo de los sujetos que se hallaba vinculado a una mega causa de venta de coca\u00edna en nuestra ciudad.<\/p>\n<p><a href=\"https:\/\/primicias2262.com\/wp-content\/uploads\/2022\/05\/WhatsApp-Image-2022-05-12-at-7.49.03-AM-1.jpeg\"><img loading=\"lazy\" decoding=\"async\" class=\"alignright size-medium wp-image-89744\" src=\"https:\/\/primicias2262.com\/wp-content\/uploads\/2022\/05\/WhatsApp-Image-2022-05-12-at-7.49.03-AM-1-225x300.jpeg\" alt=\"\" width=\"225\" height=\"300\" \/><\/a>H.M.R. de 31 a\u00f1os de edad, era buscado desde el mes de marzo por un pedido de detenci\u00f3n librado por el Juzgado de Garant\u00edas n\u00b0 1, a cargo del Dr. Jose Guillermo Llugdar, en el martco de una causa por comercializaci\u00f3n de estupefacientes, en la que ya hab\u00eda sido detenidas otras 5 personas.<\/p>\n<p>Finalmente y pese a las maniobras evasivas del \u00faltimo implicado, quien frecuentaba distintos domicilios y ciudades, fue apresado en una vivienda de calle 46 y 79 donde se estableci\u00f3 que se encontraba.<\/p>\n<p>En el lugar adem\u00e1s se secuestr\u00f3 clorhidrato de coca\u00edna dispuesta en envoltorios listos para su distribuci\u00f3n, una balanza de precisi\u00f3n, dinero y telefon\u00eda celular.<\/p>\n<p>Tras el cumplimiento de los recaudos legales el detenido qued\u00f3 a disposici\u00f3n de la UFI nro. 30 a cargo del Dr. Carlos Larrarte y del Juzgado de Garant\u00edas de menci\u00f3n siendo alojado en Dependencia Policial.<\/p>\n","protected":false},"excerpt":{"rendered":"<p>El personal de la Delegaci\u00f3n Departamental de Investigaciones del Tr\u00e1fico de Drogas Il\u00edcitas logr\u00f3 detener al \u00faltimo de los sujetos que se hallaba vinculado a una mega causa de venta de coca\u00edna en nuestra ciudad. H.M.R. de 31 a\u00f1os de edad, era buscado desde el mes de marzo por un pedido de detenci\u00f3n librado por [&hellip;]<\/p>\n","protected":false},"author":3,"featured_media":89745,"comment_status":"closed","ping_status":"closed","sticky":false,"template":"","format":"standard","meta":{"footnotes":""},"categories":[3],"tags":[],"class_list":["post-89743","post","type-post","status-publish","format-standard","has-post-thumbnail","category-masnoticias"],"_links":{"self":[{"href":"https:\/\/primicias2262.com\/noticias\/wp-json\/wp\/v2\/posts\/89743","targetHints":{"allow":["GET"]}}],"collection":[{"href":"https:\/\/primicias2262.com\/noticias\/wp-json\/wp\/v2\/posts"}],"about":[{"href":"https:\/\/primicias2262.com\/noticias\/wp-json\/wp\/v2\/types\/post"}],"author":[{"embeddable":true,"href":"https:\/\/primicias2262.com\/noticias\/wp-json\/wp\/v2\/users\/3"}],"replies":[{"embeddable":true,"href":"https:\/\/primicias2262.com\/noticias\/wp-json\/wp\/v2\/comments?post=89743"}],"version-history":[{"count":0,"href":"https:\/\/primicias2262.com\/noticias\/wp-json\/wp\/v2\/posts\/89743\/revisions"}],"wp:attachment":[{"href":"https:\/\/primicias2262.com\/noticias\/wp-json\/wp\/v2\/media?parent=89743"}],"wp:term":[{"taxonomy":"category","embeddable":true,"href":"https:\/\/primicias2262.com\/noticias\/wp-json\/wp\/v2\/categories?post=89743"},{"taxonomy":"post_tag","embeddable":true,"href":"https:\/\/primicias2262.com\/noticias\/wp-json\/wp\/v2\/tags?post=89743"}],"curies":[{"name":"wp","href":"https:\/\/api.w.org\/{rel}","templated":true}]}}