{"id":89763,"date":"2022-05-12T13:48:31","date_gmt":"2022-05-12T16:48:31","guid":{"rendered":"https:\/\/primicias2262.com\/?p=89763"},"modified":"2022-05-12T13:48:31","modified_gmt":"2022-05-12T16:48:31","slug":"el-vacunatorio-del-centro-de-acopiadores-se-muda-al-hospital-modular","status":"publish","type":"post","link":"https:\/\/primicias2262.com\/noticias\/el-vacunatorio-del-centro-de-acopiadores-se-muda-al-hospital-modular\/","title":{"rendered":"El vacunatorio del Centro de Acopiadores se muda al Hospital Modular"},"content":{"rendered":"<p>La Secretar\u00eda de Salud informa que a partir de este jueves 12, la posta de vacunaci\u00f3n Covid-19 que funcionaba en el Centro de Acopiadores se muda al Hospital Modular, ubicado en el predio del Hospital Municipal Dr. Emilio Ferreyra, y tras autorizaci\u00f3n de la Provincia.<\/p>\n<p>De igual manera, tanto en este nuevo sitio como en la otra posta que funciona en el Club Ministerio de Quequ\u00e9n se mantienen los d\u00edas y horarios, es decir de lunes a s\u00e1bados de 9 a 19.<\/p>\n","protected":false},"excerpt":{"rendered":"<p>La Secretar\u00eda de Salud informa que a partir de este jueves 12, la posta de vacunaci\u00f3n Covid-19 que funcionaba en el Centro de Acopiadores se muda al Hospital Modular, ubicado en el predio del Hospital Municipal Dr. Emilio Ferreyra, y tras autorizaci\u00f3n de la Provincia. De igual manera, tanto en este nuevo sitio como en [&hellip;]<\/p>\n","protected":false},"author":3,"featured_media":85983,"comment_status":"closed","ping_status":"closed","sticky":false,"template":"","format":"standard","meta":{"footnotes":""},"categories":[3],"tags":[],"class_list":["post-89763","post","type-post","status-publish","format-standard","has-post-thumbnail","category-masnoticias"],"_links":{"self":[{"href":"https:\/\/primicias2262.com\/noticias\/wp-json\/wp\/v2\/posts\/89763","targetHints":{"allow":["GET"]}}],"collection":[{"href":"https:\/\/primicias2262.com\/noticias\/wp-json\/wp\/v2\/posts"}],"about":[{"href":"https:\/\/primicias2262.com\/noticias\/wp-json\/wp\/v2\/types\/post"}],"author":[{"embeddable":true,"href":"https:\/\/primicias2262.com\/noticias\/wp-json\/wp\/v2\/users\/3"}],"replies":[{"embeddable":true,"href":"https:\/\/primicias2262.com\/noticias\/wp-json\/wp\/v2\/comments?post=89763"}],"version-history":[{"count":0,"href":"https:\/\/primicias2262.com\/noticias\/wp-json\/wp\/v2\/posts\/89763\/revisions"}],"wp:attachment":[{"href":"https:\/\/primicias2262.com\/noticias\/wp-json\/wp\/v2\/media?parent=89763"}],"wp:term":[{"taxonomy":"category","embeddable":true,"href":"https:\/\/primicias2262.com\/noticias\/wp-json\/wp\/v2\/categories?post=89763"},{"taxonomy":"post_tag","embeddable":true,"href":"https:\/\/primicias2262.com\/noticias\/wp-json\/wp\/v2\/tags?post=89763"}],"curies":[{"name":"wp","href":"https:\/\/api.w.org\/{rel}","templated":true}]}}