{"id":89765,"date":"2022-05-12T14:15:11","date_gmt":"2022-05-12T17:15:11","guid":{"rendered":"https:\/\/primicias2262.com\/?p=89765"},"modified":"2022-05-12T14:15:11","modified_gmt":"2022-05-12T17:15:11","slug":"censo-2022-necesitamos-saber-cuantos-somos-para-poder-reconocer-nuestras-necesidades","status":"publish","type":"post","link":"https:\/\/primicias2262.com\/noticias\/censo-2022-necesitamos-saber-cuantos-somos-para-poder-reconocer-nuestras-necesidades\/","title":{"rendered":"Censo 2022: \u201cNecesitamos saber cu\u00e1ntos somos para poder reconocer nuestras necesidades\u201d"},"content":{"rendered":"<p><strong>La jefa de Departamento Distrital del operativo censal que tendr\u00e1 su mayor foco de ejercicio el pr\u00f3ximo 18 de mayo insisti\u00f3 en la oportunidad de completar el cuestionario de forma digital para alivianar el trabajo de los encuestadores. Casi un centenar de personas ya recorren \u00e1reas rurales y viviendas colectivas.<\/strong><\/p>\n<p><a href=\"https:\/\/primicias2262.com\/wp-content\/uploads\/2022\/05\/WhatsApp-Image-2022-05-12-at-1.59.27-PM.jpeg\"><img loading=\"lazy\" decoding=\"async\" class=\"alignright size-medium wp-image-89767\" src=\"https:\/\/primicias2262.com\/wp-content\/uploads\/2022\/05\/WhatsApp-Image-2022-05-12-at-1.59.27-PM-300x169.jpeg\" alt=\"\" width=\"300\" height=\"169\" \/><\/a>Cuando falta menos de una semana para que los 1624 censistas comiencen a recorrer las viviendas del partido de Necochea, con el fin de conocer las principales caracter\u00edsticas demogr\u00e1ficas y socioecon\u00f3micas de todas las personas que residen en el territorio nacional, la jefa de Departamento Distrital del operativo, Nancy Almassio, insisti\u00f3 en la oportunidad de completar el cuestionario de forma digital para alivianar el trabajo presencial el pr\u00f3ximo mi\u00e9rcoles 18 de mayo.<\/p>\n<p>Con un porcentaje de acogida en nuestro medio reci\u00e9n cercano al 20%, diez puntos por debajo del estimado por el Instituto Nacional de Estad\u00edstica y Censos (INDEC), la inspectora de educaci\u00f3n revel\u00f3 en el programa Voces de la Ciudad, que se emite por FM Vinilo 103.5 MHz, que \u201cvamos creciendo muy lentamente, aunque se est\u00e1 notando un peque\u00f1o movimiento en los puntos digitales\u201d, postas dispuestas a lo largo y ancho del territorio por el municipio para quienes no tengan conectividad o necesiten asesoramiento.<\/p>\n<p>En este contexto, alentando a los vecinos a volcar sus datos de manera online antes de la fecha del barrido individual, la autoridad se\u00f1al\u00f3 que \u201chasta las 8 horas del mismo 18 de mayo todos los habitantes pueden disponer del Censo Digital, entonces cuando el censista pasa por su hogar el tr\u00e1mite es muy breve y agiliza mucho tambi\u00e9n para el habitante que quiere pasar el feriado junto a su familia\u201d.<\/p>\n<p>Adem\u00e1s, la docente record\u00f3 que ese d\u00eda fue declarado feriado nacional con el objetivo de que cada habitante \u201cpueda estar en su casa esperando la llegada del censista, porque, aunque hagamos el Censo Digital, hay que responder cu\u00e1ntas personas viven en la vivienda\u201d; y acot\u00f3 sobre la novedad de la bimodalidad en este relevamiento que \u201cla tecnolog\u00eda, que en la pandemia tanto nos ayud\u00f3, tambi\u00e9n nos tiene que ayudar a realizar esta tarea de la mejor manera\u201d, porque \u201cnecesitamos saber cu\u00e1ntos somos para poder reconocer nuestras necesidades para un futuro mejor\u201d.<\/p>\n<p>Con respecto al trabajo que se viene realizando de manera previa, destac\u00f3 la predisposici\u00f3n a la capacitaci\u00f3n de quienes llevar\u00e1n adelante el empadronamiento, Almassio cont\u00f3 que el pasado lunes 9 de mayo \u201cempez\u00f3 el censo en las viviendas de \u00e1reas rurales y en viviendas colectivas\u201d, que son aquellas que alojan a las personas que viven bajo un r\u00e9gimen institucional, para lo que se han desplegado un total de 95 personas para \u201cllegar a cada uno de los habitantes del distrito de Necochea\u201d.<\/p>\n","protected":false},"excerpt":{"rendered":"<p>La jefa de Departamento Distrital del operativo censal que tendr\u00e1 su mayor foco de ejercicio el pr\u00f3ximo 18 de mayo insisti\u00f3 en la oportunidad de completar el cuestionario de forma digital para alivianar el trabajo de los encuestadores. Casi un centenar de personas ya recorren \u00e1reas rurales y viviendas colectivas. Cuando falta menos de una [&hellip;]<\/p>\n","protected":false},"author":3,"featured_media":89766,"comment_status":"closed","ping_status":"closed","sticky":false,"template":"","format":"standard","meta":{"footnotes":""},"categories":[3],"tags":[],"class_list":["post-89765","post","type-post","status-publish","format-standard","has-post-thumbnail","category-masnoticias"],"_links":{"self":[{"href":"https:\/\/primicias2262.com\/noticias\/wp-json\/wp\/v2\/posts\/89765","targetHints":{"allow":["GET"]}}],"collection":[{"href":"https:\/\/primicias2262.com\/noticias\/wp-json\/wp\/v2\/posts"}],"about":[{"href":"https:\/\/primicias2262.com\/noticias\/wp-json\/wp\/v2\/types\/post"}],"author":[{"embeddable":true,"href":"https:\/\/primicias2262.com\/noticias\/wp-json\/wp\/v2\/users\/3"}],"replies":[{"embeddable":true,"href":"https:\/\/primicias2262.com\/noticias\/wp-json\/wp\/v2\/comments?post=89765"}],"version-history":[{"count":0,"href":"https:\/\/primicias2262.com\/noticias\/wp-json\/wp\/v2\/posts\/89765\/revisions"}],"wp:attachment":[{"href":"https:\/\/primicias2262.com\/noticias\/wp-json\/wp\/v2\/media?parent=89765"}],"wp:term":[{"taxonomy":"category","embeddable":true,"href":"https:\/\/primicias2262.com\/noticias\/wp-json\/wp\/v2\/categories?post=89765"},{"taxonomy":"post_tag","embeddable":true,"href":"https:\/\/primicias2262.com\/noticias\/wp-json\/wp\/v2\/tags?post=89765"}],"curies":[{"name":"wp","href":"https:\/\/api.w.org\/{rel}","templated":true}]}}