{"id":89775,"date":"2022-05-13T11:17:45","date_gmt":"2022-05-13T14:17:45","guid":{"rendered":"https:\/\/primicias2262.com\/?p=89775"},"modified":"2022-05-13T11:17:45","modified_gmt":"2022-05-13T14:17:45","slug":"la-asociacion-amigos-del-museo-presento-su-nueva-comision-directiva","status":"publish","type":"post","link":"https:\/\/primicias2262.com\/noticias\/la-asociacion-amigos-del-museo-presento-su-nueva-comision-directiva\/","title":{"rendered":"La Asociaci\u00f3n Amigos del Museo present\u00f3 su nueva comisi\u00f3n directiva"},"content":{"rendered":"<p><strong>El 13 de diciembre de 2021 tuvo lugar la Asamblea General Ordinaria donde qued\u00f3 conformada la nueva Comisi\u00f3n Directiva y la Comisi\u00f3n Revisora de Cuentas de la Asociaci\u00f3n de Amigos del Museo y Archivo Hist\u00f3rico de Necochea.<\/strong><\/p>\n<p>Esta Instituci\u00f3n tiene el permanente compromiso de trabajar para hacer conocer la importancia del Museo Regional Hist\u00f3rico del Parque Miguel Lillo, cuyo patrimonio conlleva conocer el pasado de la ciudad y su regi\u00f3n, sus or\u00edgenes y desarrollo de los acontecimientos que se han ido sucediendo desde la fundaci\u00f3n de la ciudad.<\/p>\n<p>\u201cUno de los objetivos primordiales de esta Asociaci\u00f3n, es bregar porque las futuras generaciones puedan conocer parte de nuestra historia local y regional\u201d, se\u00f1alaron, adem\u00e1s de acompa\u00f1ar y apoyar el \u00c1rea de Museos y Patrimonio Municipal a trav\u00e9s de la Comisi\u00f3n respectiva, para favorecer el mantenimiento edilicio, su desarrollo y el crecimiento de tan importante sector, junto con la preservaci\u00f3n de la ra\u00edz hist\u00f3rica.<\/p>\n<p><strong>La nueva Comisi\u00f3n Directiva est\u00e1 conformada de la siguiente manera:<\/strong><\/p>\n<p>PRESIDENTE: Josefina Pilar Montes de Oca<\/p>\n<p>VICEPRESIDENTE: Fernando Ra\u00fal Tripiana<\/p>\n<p>SECRETARIA: Mar\u00eda In\u00e9s Cabral<\/p>\n<p>TESORERO: Carlos Rub\u00e9n Palotta<\/p>\n<p>VOCAL TITULAR PRIMERO: Julio Copercido<\/p>\n<p>VOCAL TITULAR SEGUNDO: Alejandra Pane<\/p>\n<p>VOCAL SUPLENTE PRIMERO: Loreley Montoya<\/p>\n<p>VOCAL SUPLENTE SEGUNDO: Griselda Morganti<\/p>\n<p>Revisores de Cuentas: PRIMER TITULAR: Tina Veening Nielsen<\/p>\n<p>SEGUNDO TITULAR: Cristian Rybner<\/p>\n<p>TERCER TITULAR: Marcelo Roo<\/p>\n<p>SUPLENTE: Gabriel Repman<\/p>\n","protected":false},"excerpt":{"rendered":"<p>El 13 de diciembre de 2021 tuvo lugar la Asamblea General Ordinaria donde qued\u00f3 conformada la nueva Comisi\u00f3n Directiva y la Comisi\u00f3n Revisora de Cuentas de la Asociaci\u00f3n de Amigos del Museo y Archivo Hist\u00f3rico de Necochea. Esta Instituci\u00f3n tiene el permanente compromiso de trabajar para hacer conocer la importancia del Museo Regional Hist\u00f3rico del [&hellip;]<\/p>\n","protected":false},"author":3,"featured_media":73268,"comment_status":"closed","ping_status":"closed","sticky":false,"template":"","format":"standard","meta":{"footnotes":""},"categories":[3],"tags":[],"class_list":["post-89775","post","type-post","status-publish","format-standard","has-post-thumbnail","category-masnoticias"],"_links":{"self":[{"href":"https:\/\/primicias2262.com\/noticias\/wp-json\/wp\/v2\/posts\/89775","targetHints":{"allow":["GET"]}}],"collection":[{"href":"https:\/\/primicias2262.com\/noticias\/wp-json\/wp\/v2\/posts"}],"about":[{"href":"https:\/\/primicias2262.com\/noticias\/wp-json\/wp\/v2\/types\/post"}],"author":[{"embeddable":true,"href":"https:\/\/primicias2262.com\/noticias\/wp-json\/wp\/v2\/users\/3"}],"replies":[{"embeddable":true,"href":"https:\/\/primicias2262.com\/noticias\/wp-json\/wp\/v2\/comments?post=89775"}],"version-history":[{"count":0,"href":"https:\/\/primicias2262.com\/noticias\/wp-json\/wp\/v2\/posts\/89775\/revisions"}],"wp:attachment":[{"href":"https:\/\/primicias2262.com\/noticias\/wp-json\/wp\/v2\/media?parent=89775"}],"wp:term":[{"taxonomy":"category","embeddable":true,"href":"https:\/\/primicias2262.com\/noticias\/wp-json\/wp\/v2\/categories?post=89775"},{"taxonomy":"post_tag","embeddable":true,"href":"https:\/\/primicias2262.com\/noticias\/wp-json\/wp\/v2\/tags?post=89775"}],"curies":[{"name":"wp","href":"https:\/\/api.w.org\/{rel}","templated":true}]}}