{"id":89790,"date":"2022-05-13T13:21:56","date_gmt":"2022-05-13T16:21:56","guid":{"rendered":"https:\/\/primicias2262.com\/?p=89790"},"modified":"2022-05-13T13:21:56","modified_gmt":"2022-05-13T16:21:56","slug":"jubilados-municipales-reclaman-al-ips-la-actualizacion-de-haberes-de-acuerdo-a-los-aumentos-por-paritaria","status":"publish","type":"post","link":"https:\/\/primicias2262.com\/noticias\/jubilados-municipales-reclaman-al-ips-la-actualizacion-de-haberes-de-acuerdo-a-los-aumentos-por-paritaria\/","title":{"rendered":"Jubilados municipales reclaman al IPS la actualizaci\u00f3n de haberes de acuerdo a los aumentos por paritaria"},"content":{"rendered":"<p>\u201cLo que pas\u00f3 en enero no se ha visto reflejado y ya tenemos el 17% m\u00e1s que acaban de cerrar\u201d, por lo que \u201cnos estar\u00edan adeudando el 28%\u201d m\u00e1s el retroactivo, se\u00f1al\u00f3 Ra\u00fal Ferrario, titular del C\u00edrculo. Cuentan con el apoyo del intendente y ediles y buscar\u00edan generar una acci\u00f3n con otros municipios de la provincia.<\/p>\n<p>En el aire de Voces de la Ciudad, por la FM Vinilo 103.5 MHz, el titular del C\u00edrculo de Jubilados y Pensionados Municipales, Ra\u00fal Ferrario, manifest\u00f3 su preocupaci\u00f3n por el atraso que mantiene el Instituto de Previsi\u00f3n Social (IPS) en los aumentos de los haberes del sector, que deber\u00edan haber visto incrementado sus importes con los porcentuales ajustados en los salarios de los empleados activos en enero y, m\u00e1s recientemente, en abril pasado.<\/p>\n<p>En sus propias palabras, \u201clos jubilados municipales cobramos los aumentos de acuerdo a la paritaria que se fija entre el Departamento Ejecutivo y los gremios (STMN, ATE y AGNQ). Ese aumento que se paga a los activos, supuestamente, dentro de los 60 d\u00edas posteriores debe verse reflejado en nuestra liquidaci\u00f3n\u201d.<\/p>\n<p>\u201cHasta la fecha, lo que pas\u00f3 en enero no se ha visto reflejado y ya tenemos el 17% m\u00e1s que acaban de cerrar, pero a este momento a los jubilados nos estar\u00edan adeudando el 28% con sus respectivos meses que no fueron pagados, el retroactivo\u201d, se\u00f1al\u00f3 el ex director de Concesiones de la comuna.<\/p>\n<p>En este marco, \u201chay que tomar dimensi\u00f3n de que si esto nos est\u00e1 pasando ahora se va a ir agravando, no creo que mejore la situaci\u00f3n\u201d, indic\u00f3 el flamante Presidente, por lo que, desde la entidad, mantuvieron este martes un \u201cencuentro muy productivo\u201d con los concejales de distintos bloques \u201cpidiendo que nos acompa\u00f1en en este reclamo\u201d.<\/p>\n<p>Tambi\u00e9n ayer, \u201cel intendente (Arturo Rojas) se ha comprometido a acompa\u00f1arnos\u201d y \u201cpudimos mantener una conversaci\u00f3n telef\u00f3nica con la secretaria de la Presidenta Ejecutiva del IPS (Marina Moretti) y, de paso, aprovechamos a invitarla a que venga a visitarnos a Necochea y poder invitar a otros municipios vecinos, a compa\u00f1eros que est\u00e9n pasando por situaci\u00f3n similares, para ver si podemos hacer una movida provincial importante para que esto no nos siga pasando\u201d.<\/p>\n","protected":false},"excerpt":{"rendered":"<p>\u201cLo que pas\u00f3 en enero no se ha visto reflejado y ya tenemos el 17% m\u00e1s que acaban de cerrar\u201d, por lo que \u201cnos estar\u00edan adeudando el 28%\u201d m\u00e1s el retroactivo, se\u00f1al\u00f3 Ra\u00fal Ferrario, titular del C\u00edrculo. Cuentan con el apoyo del intendente y ediles y buscar\u00edan generar una acci\u00f3n con otros municipios de la [&hellip;]<\/p>\n","protected":false},"author":3,"featured_media":88545,"comment_status":"closed","ping_status":"closed","sticky":false,"template":"","format":"standard","meta":{"footnotes":""},"categories":[3],"tags":[],"class_list":["post-89790","post","type-post","status-publish","format-standard","has-post-thumbnail","category-masnoticias"],"_links":{"self":[{"href":"https:\/\/primicias2262.com\/noticias\/wp-json\/wp\/v2\/posts\/89790","targetHints":{"allow":["GET"]}}],"collection":[{"href":"https:\/\/primicias2262.com\/noticias\/wp-json\/wp\/v2\/posts"}],"about":[{"href":"https:\/\/primicias2262.com\/noticias\/wp-json\/wp\/v2\/types\/post"}],"author":[{"embeddable":true,"href":"https:\/\/primicias2262.com\/noticias\/wp-json\/wp\/v2\/users\/3"}],"replies":[{"embeddable":true,"href":"https:\/\/primicias2262.com\/noticias\/wp-json\/wp\/v2\/comments?post=89790"}],"version-history":[{"count":0,"href":"https:\/\/primicias2262.com\/noticias\/wp-json\/wp\/v2\/posts\/89790\/revisions"}],"wp:attachment":[{"href":"https:\/\/primicias2262.com\/noticias\/wp-json\/wp\/v2\/media?parent=89790"}],"wp:term":[{"taxonomy":"category","embeddable":true,"href":"https:\/\/primicias2262.com\/noticias\/wp-json\/wp\/v2\/categories?post=89790"},{"taxonomy":"post_tag","embeddable":true,"href":"https:\/\/primicias2262.com\/noticias\/wp-json\/wp\/v2\/tags?post=89790"}],"curies":[{"name":"wp","href":"https:\/\/api.w.org\/{rel}","templated":true}]}}