{"id":89808,"date":"2022-05-14T12:35:08","date_gmt":"2022-05-14T15:35:08","guid":{"rendered":"https:\/\/primicias2262.com\/?p=89808"},"modified":"2022-05-14T12:35:08","modified_gmt":"2022-05-14T15:35:08","slug":"rojas-estamos-terminando-obras-que-hacen-a-la-calidad-de-vida-y-a-la-inclusion","status":"publish","type":"post","link":"https:\/\/primicias2262.com\/noticias\/rojas-estamos-terminando-obras-que-hacen-a-la-calidad-de-vida-y-a-la-inclusion\/","title":{"rendered":"Rojas: \u201cEstamos terminando obras que hacen a la calidad de vida y a la inclusi\u00f3n\u201d"},"content":{"rendered":"<p>El intendente efectu\u00f3 un balance de los trabajos que est\u00e1n por concluir, otros de relevancia que ya est\u00e1n por comenzar y los que pueden llegar a venir durante este 2022. \u201cEst\u00e1 bueno que el vecino sepa que cuando uno consigue recursos para la remodelaci\u00f3n de espacios p\u00fablicos, por ejemplo, no puede usarlos para hacer otras obras\u201d remarc\u00f3.<\/p>\n<p>El jefe comunal pas\u00f3 por los estudios del programa radial Voces de la Ciudad para hacer un recorrido por la actualidad de las obras que se encuentra ejecutando la Municipalidad de Necochea y adelantar los t\u00e9rminos de otras que est\u00e1n por comenzar, as\u00ed como algunas gestiones que se realizan en distintos organismos para dotar de mejores servicios a los vecinos.<\/p>\n<p>\u201cEstamos con muchas obras que est\u00e1n a punto de finalizarse, otras que vienen desde hace m\u00e1s de un a\u00f1o, como la remodelaci\u00f3n del frente costero, los pluviales en un sector del parque y otras m\u00e1s chicas en barrios perif\u00e9ricos, tanto de Necochea como de Quequ\u00e9n, obras de fondo y que hacen a la calidad de vida de los vecinos y a la inclusi\u00f3n\u201d, destac\u00f3 para comenzar su entrevista con el periodista Jorge G\u00f3mez.<\/p>\n<p>Antes haciendo hincapi\u00e9 en la necesidad de reforma de la Ley Org\u00e1nica de las Municipalidades para dotar de mayor autonom\u00eda econ\u00f3mica, administrativa y pol\u00edtica a las comunas, un deseo al que le viene dedicando muchas horas de trabajo entendiendo que son \u00e9stas las referencias m\u00e1s pr\u00f3ximas de los vecinos a la hora de reclamar por sus problem\u00e1ticas, el mandatario refiri\u00f3 que el operativo que dotar\u00e1 de cloacas al Barrio Estaci\u00f3n Quequ\u00e9n ya se encuentra al 90% y que se busca aprobar una ampliaci\u00f3n del proyecto en Naci\u00f3n para sumarle ese servicio a los habitantes de zonas linderas.<\/p>\n<p>Adem\u00e1s record\u00f3 que, \u201cpor otro lado, hay obras que ya tienen financiamiento para pagar el anticipo, ya pasaron por la comisi\u00f3n de pre adjudicaci\u00f3n y solo falta que me eleven el expediente para hacer el decreto, entregar los fondos y que comiencen\u201d, y que apuntan a mejorar aristas como la salud, el deporte y la cultura.<\/p>\n<p>Referidas a las primera dos tem\u00e1ticas, \u201ctenemos la culminaci\u00f3n del Centro de Salud del Barrio Norte y la construcci\u00f3n de la Pista de Atletismo\u201d, resaltando sobre esta \u00faltima que, despu\u00e9s de tantas promesas incumplidas, \u201cla gente va a terminar de creer cuando vea que se empieza a hacer, pero solo es cuesti\u00f3n de tiempos burocr\u00e1ticos y, si Dios quiere, a fin de a\u00f1o estaremos vi\u00e9ndola realizada\u201d.<\/p>\n<p>Sobre el tercer eje, superados los cuestionamientos de alg\u00fan sector de la comunidad que, desde el desconocimiento del manejo de los recursos que llegan desde distintas carteras de Naci\u00f3n o Provincia destinados a trabajos espec\u00edficos de cada \u00e1rea, consideraba que los recursos deb\u00edan reservarse para cubrir otro tipo de necesidades, Rojas explic\u00f3 que el techado del Anfiteatro (Pedro Arozarena) llega en el marco de una inversi\u00f3n nunca antes vista en materia de cultura que permitir\u00e1, entre otras cosas, que la Direcci\u00f3n af\u00edn tenga por primera vez una sede permanente -con recursos municipales- o los integrantes del proyecto Barrio Cultura cuenten con una instalaci\u00f3n m\u00e1s apropiada para sus tareas.<\/p>\n<p>\u201cNo se trata de un cerrado completo, porque la idea es que no pierda su esencia. Pero s\u00ed queremos que nos permita utilizarlo durante m\u00e1s d\u00edas del a\u00f1o, que no se suspendan espect\u00e1culos por el tema clim\u00e1tico\u201d, termin\u00f3 de definir el jefe comunal.<\/p>\n<p>De otra forma, \u201ctermina pasando lo de otros gobiernos, que llegan recursos para una obra espec\u00edfica y se terminan derivando a gastos corrientes u otros que no estaban previstos, y despu\u00e9s nos toc\u00f3 a nosotros devolver doscientos treinta y pico de millones de pesos de fondos afectados, m\u00e1s los intereses\u201d.<\/p>\n<p>En el marco de estas mejoras, el intendente adelant\u00f3 en Voces de la Ciudad que, en paralelo, se trabajar\u00e1 en el recambio integral de los juegos del Parque Miguel Lillo y de la Plaza \u201c3 de Agosto\u201d de Quequ\u00e9n, cuyas piezas removidas ser\u00e1n reacondicionadas para mejorar otros espacios p\u00fablicos, como se viene haciendo en los \u00faltimos meses.<\/p>\n<p>Finalmente, terminando de detallar algunos de los trabajos que se encaran desde la gesti\u00f3n para este 2022, \u201ctambi\u00e9n estamos por adjudicar los pluviales para el Plan Federal N\u00b0 6\u201d y, en el Ente Nacional de Obras H\u00eddricas de Saneamiento (Enohsa), \u201cya est\u00e1 en la etapa 3 -de 5 que son para que se apruebe- un proyecto que supera los 200 millones de pesos en el que estamos planteando la revisi\u00f3n de varios de los pozos y bombas actuales, la construcci\u00f3n de diez pozos nuevos y de un tramo del acueducto\u201d para mejorar la red de agua potable.<\/p>\n<p>Tambi\u00e9n se\u00f1al\u00f3 que \u201cen paralelo y con recursos municipales, todas las semanas venimos haciendo peque\u00f1as obras en sectores donde los vecinos ten\u00edan el agua clandestina, donde el Estado no ha llegado con los servicios oficiales\u201d.<\/p>\n","protected":false},"excerpt":{"rendered":"<p>El intendente efectu\u00f3 un balance de los trabajos que est\u00e1n por concluir, otros de relevancia que ya est\u00e1n por comenzar y los que pueden llegar a venir durante este 2022. \u201cEst\u00e1 bueno que el vecino sepa que cuando uno consigue recursos para la remodelaci\u00f3n de espacios p\u00fablicos, por ejemplo, no puede usarlos para hacer otras [&hellip;]<\/p>\n","protected":false},"author":3,"featured_media":89809,"comment_status":"closed","ping_status":"closed","sticky":false,"template":"","format":"standard","meta":{"footnotes":""},"categories":[3],"tags":[],"class_list":["post-89808","post","type-post","status-publish","format-standard","has-post-thumbnail","category-masnoticias"],"_links":{"self":[{"href":"https:\/\/primicias2262.com\/noticias\/wp-json\/wp\/v2\/posts\/89808","targetHints":{"allow":["GET"]}}],"collection":[{"href":"https:\/\/primicias2262.com\/noticias\/wp-json\/wp\/v2\/posts"}],"about":[{"href":"https:\/\/primicias2262.com\/noticias\/wp-json\/wp\/v2\/types\/post"}],"author":[{"embeddable":true,"href":"https:\/\/primicias2262.com\/noticias\/wp-json\/wp\/v2\/users\/3"}],"replies":[{"embeddable":true,"href":"https:\/\/primicias2262.com\/noticias\/wp-json\/wp\/v2\/comments?post=89808"}],"version-history":[{"count":0,"href":"https:\/\/primicias2262.com\/noticias\/wp-json\/wp\/v2\/posts\/89808\/revisions"}],"wp:attachment":[{"href":"https:\/\/primicias2262.com\/noticias\/wp-json\/wp\/v2\/media?parent=89808"}],"wp:term":[{"taxonomy":"category","embeddable":true,"href":"https:\/\/primicias2262.com\/noticias\/wp-json\/wp\/v2\/categories?post=89808"},{"taxonomy":"post_tag","embeddable":true,"href":"https:\/\/primicias2262.com\/noticias\/wp-json\/wp\/v2\/tags?post=89808"}],"curies":[{"name":"wp","href":"https:\/\/api.w.org\/{rel}","templated":true}]}}