{"id":89811,"date":"2022-05-14T12:40:51","date_gmt":"2022-05-14T15:40:51","guid":{"rendered":"https:\/\/primicias2262.com\/?p=89811"},"modified":"2022-05-14T12:40:51","modified_gmt":"2022-05-14T15:40:51","slug":"la-lista-compromiso-profesional-volvio-a-ganar-la-eleccion-en-el-colegio-de-abogados","status":"publish","type":"post","link":"https:\/\/primicias2262.com\/noticias\/la-lista-compromiso-profesional-volvio-a-ganar-la-eleccion-en-el-colegio-de-abogados\/","title":{"rendered":"La lista Compromiso Profesional volvi\u00f3 a ganar la elecci\u00f3n en el Colegio de Abogados"},"content":{"rendered":"<p><strong>Por Jorge G\u00f3mez<\/strong><\/p>\n<p>Este viernes 13 de mayo se llev\u00f3 a cabo la elecci\u00f3n de consejeros del consejo directivo y miembros del tribunal de disciplina del Colegio de Abogados de Necochea, dando por resultado una contundente victoria a favor de los candidatos de la gesti\u00f3n actual del cuerpo. Los resultados adjuntos informan del triunfo del oficialismo en el CAN.<\/p>\n<p>Hace casi un a\u00f1o este nuevo espacio, constituido de profesionales del derecho conform\u00f3 la lista de Nuevo Compromiso Profesional, y gan\u00f3 las elecciones terminando con un periodo de ocho a\u00f1os de la gesti\u00f3n anterior en el CAN.<\/p>\n<p>Los matriculados volvieron a elegir por Compromiso Profesional pero con mayor margen que el a\u00f1o anterior (75 %), lo que significa que ingres\u00f3 en esta elecci\u00f3n parcial de autoridades de casi la lista entera que encabeza el doctor Damian Unibaso (en la foto, votando en esta jornada, quien en calidad de consejero electo ocupar\u00e1 la vicepresidencia de la entidad), uno de los fundadores y promotores de este espacio.<\/p>\n<p>El resultado fue 213 votos (75%) a 72 (25%). Participaron de la elecci\u00f3n 292 abogados, con 6 votos en blanco y 1 impugnado.<\/p>\n<p>De esta manera ingresar\u00e1n a la comisi\u00f3n directiva cinco consejeros de la lista ganadora y uno de la que ubic\u00f3 en segundo lugar.<\/p>\n<p>Lo har\u00e1n al CD los abogados Dami\u00e1n Unibaso, Diana M\u00e1rquez, Jos\u00e9 Mar\u00eda Mariucci V\u00e1squez, Luciana Jaime, Roberta Climent de Compromiso Profesional y Julio Zapata de Unidad y Participaci\u00f3n.<\/p>\n<p>Se inform\u00f3 que la nueva gesti\u00f3n, que integra entre otros el presidente del Colegio, V\u00edctor Pagani, ha concretado varios cambios en la entidad profesional que \u201cvenia de mostrarse inactiva con las gestiones anteriores\u201d, se se\u00f1al\u00f3.<\/p>\n<p>\u201cPero -se a\u00f1adi\u00f3- no fue s\u00f3lo su gran capacidad para realizar cambios lo que nos llev\u00f3 a una victoria tan contundente, sino como dicen muchos en la comunidad profesional, el entendimiento de la necesidad de escuchar a sus matriculados a la hora de proponer y gestionarlos\u201d.<\/p>\n<p>\u201cDesde que comenz\u00f3 esta gesti\u00f3n en el colegio hemos podido participar de asambleas, comisiones y otro tipo de instancias donde se escuch\u00f3 y tom\u00f3 nota de las nuevas necesidades para ejercer la profesi\u00f3n. Saber que se trabaja sobre las cosas que pedimos y necesitamos es una garant\u00eda\u201d, dio cuenta medio una joven abogada al salir de votar.<br \/>\nSi bien Unibaso encabez\u00f3 ahora la lista, en lo que CP lleva de gesti\u00f3n en el CAN, viene de ser un actor clave en la conducci\u00f3n del colegio.<\/p>\n<p>Y d\u00edas antes de la elecci\u00f3n replic\u00f3 en varios medios su visi\u00f3n de c\u00f3mo se debe trabajar en una instituci\u00f3n de estas caracter\u00edsticas.<\/p>\n<p>\u201cNosotros nos pod\u00edamos quedar adentro del colegio sin hacer m\u00e1s que lo que indica la ley, que son las dos o tres obligaciones que tiene el colegio y chau, como se ven\u00eda haciendo los \u00faltimos a\u00f1os. Pero desde hace ya casi un a\u00f1o para ac\u00e1 que llegamos a la gesti\u00f3n sab\u00edamos que el colegio deb\u00eda tener un rol proactivo, el cual es ir a buscar las necesidades del colega\u201d, expres\u00f3 Unibaso.<\/p>\n<p>\u201cEntendemos que esta es una elecci\u00f3n para plebiscitar nuestra gesti\u00f3n y escuchar al matriculado. Yo estoy seguro que las democracias del siglo XXI, ya sean de cara a conducir los \u00f3rganos del estado, o bien como en nuestros modesto caso un colegio profesional se deben erigir a partir de escuchar siempre a aquellos que son el objetivo de la gesti\u00f3n. En nuestro caso los matriculados del CAN\u201d, manifest\u00f3 el doctor Unibaso en una entrevista previa a la elecci\u00f3n.<\/p>\n","protected":false},"excerpt":{"rendered":"<p>Por Jorge G\u00f3mez Este viernes 13 de mayo se llev\u00f3 a cabo la elecci\u00f3n de consejeros del consejo directivo y miembros del tribunal de disciplina del Colegio de Abogados de Necochea, dando por resultado una contundente victoria a favor de los candidatos de la gesti\u00f3n actual del cuerpo. Los resultados adjuntos informan del triunfo del [&hellip;]<\/p>\n","protected":false},"author":3,"featured_media":89812,"comment_status":"closed","ping_status":"closed","sticky":false,"template":"","format":"standard","meta":{"footnotes":""},"categories":[3],"tags":[],"class_list":["post-89811","post","type-post","status-publish","format-standard","has-post-thumbnail","category-masnoticias"],"_links":{"self":[{"href":"https:\/\/primicias2262.com\/noticias\/wp-json\/wp\/v2\/posts\/89811","targetHints":{"allow":["GET"]}}],"collection":[{"href":"https:\/\/primicias2262.com\/noticias\/wp-json\/wp\/v2\/posts"}],"about":[{"href":"https:\/\/primicias2262.com\/noticias\/wp-json\/wp\/v2\/types\/post"}],"author":[{"embeddable":true,"href":"https:\/\/primicias2262.com\/noticias\/wp-json\/wp\/v2\/users\/3"}],"replies":[{"embeddable":true,"href":"https:\/\/primicias2262.com\/noticias\/wp-json\/wp\/v2\/comments?post=89811"}],"version-history":[{"count":0,"href":"https:\/\/primicias2262.com\/noticias\/wp-json\/wp\/v2\/posts\/89811\/revisions"}],"wp:attachment":[{"href":"https:\/\/primicias2262.com\/noticias\/wp-json\/wp\/v2\/media?parent=89811"}],"wp:term":[{"taxonomy":"category","embeddable":true,"href":"https:\/\/primicias2262.com\/noticias\/wp-json\/wp\/v2\/categories?post=89811"},{"taxonomy":"post_tag","embeddable":true,"href":"https:\/\/primicias2262.com\/noticias\/wp-json\/wp\/v2\/tags?post=89811"}],"curies":[{"name":"wp","href":"https:\/\/api.w.org\/{rel}","templated":true}]}}