{"id":89817,"date":"2022-05-14T12:47:52","date_gmt":"2022-05-14T15:47:52","guid":{"rendered":"https:\/\/primicias2262.com\/?p=89817"},"modified":"2022-05-14T12:47:52","modified_gmt":"2022-05-14T15:47:52","slug":"este-martes-habra-asamblea-ordinaria-en-el-jardin-pichi-huinca","status":"publish","type":"post","link":"https:\/\/primicias2262.com\/noticias\/este-martes-habra-asamblea-ordinaria-en-el-jardin-pichi-huinca\/","title":{"rendered":"Este martes habr\u00e1 asamblea ordinaria en el Jard\u00edn Pichi Huinca"},"content":{"rendered":"<p><strong>Se realizar\u00e1 en el propio establecimiento educativo, ubicado en calle 63 entre 100 y 102, desde las 17;30. Se elegir\u00e1 una nueva comisi\u00f3n directiva y se fijar\u00e1 el monto de la cuota societaria<\/strong><\/p>\n<p>La Direcci\u00f3n del Jard\u00edn Maternal Municipal \u00abPichi Huinca\u00bb convoca a Asamblea General Ordinaria para el pr\u00f3ximo martes 24 de mayo, a partir de las 17:30 en la instituci\u00f3n educativa ubicada en calle 63 N\u00ba 4706.<\/p>\n<p><strong>En la oportunidad, y seg\u00fan la Orden del D\u00eda, se tratar\u00e1n los siguientes temas:<\/strong><\/p>\n<ul>\n<li>Designaci\u00f3n de dos socios para firmar el Acta de Asamblea.<\/li>\n<li>Lectura del Acta de la Asamblea anterior.<\/li>\n<li>Elecci\u00f3n de la Comisi\u00f3n Directiva y comisi\u00f3n Revisora de cuentas:<\/li>\n<li>Presidente<\/li>\n<li>Secretario<\/li>\n<li>Tesorero<\/li>\n<li>3 Vocales titulares<\/li>\n<li>2 Vocales Suplentes<\/li>\n<li>1 Revisor de cuentas docente por un a\u00f1o<\/li>\n<li>1 Revisor de cuentas titular por un a\u00f1o<\/li>\n<li>1 Revisor de cuentas suplente por un a\u00f1o<\/li>\n<li>Fijaci\u00f3n del monto de la cuota societaria<\/li>\n<li>Fijaci\u00f3n del monto del efectivo (caja chica) para el tesorero para gastos menores<\/li>\n<\/ul>\n","protected":false},"excerpt":{"rendered":"<p>Se realizar\u00e1 en el propio establecimiento educativo, ubicado en calle 63 entre 100 y 102, desde las 17;30. Se elegir\u00e1 una nueva comisi\u00f3n directiva y se fijar\u00e1 el monto de la cuota societaria La Direcci\u00f3n del Jard\u00edn Maternal Municipal \u00abPichi Huinca\u00bb convoca a Asamblea General Ordinaria para el pr\u00f3ximo martes 24 de mayo, a partir [&hellip;]<\/p>\n","protected":false},"author":3,"featured_media":89818,"comment_status":"closed","ping_status":"closed","sticky":false,"template":"","format":"standard","meta":{"footnotes":""},"categories":[3],"tags":[],"class_list":["post-89817","post","type-post","status-publish","format-standard","has-post-thumbnail","category-masnoticias"],"_links":{"self":[{"href":"https:\/\/primicias2262.com\/noticias\/wp-json\/wp\/v2\/posts\/89817","targetHints":{"allow":["GET"]}}],"collection":[{"href":"https:\/\/primicias2262.com\/noticias\/wp-json\/wp\/v2\/posts"}],"about":[{"href":"https:\/\/primicias2262.com\/noticias\/wp-json\/wp\/v2\/types\/post"}],"author":[{"embeddable":true,"href":"https:\/\/primicias2262.com\/noticias\/wp-json\/wp\/v2\/users\/3"}],"replies":[{"embeddable":true,"href":"https:\/\/primicias2262.com\/noticias\/wp-json\/wp\/v2\/comments?post=89817"}],"version-history":[{"count":0,"href":"https:\/\/primicias2262.com\/noticias\/wp-json\/wp\/v2\/posts\/89817\/revisions"}],"wp:attachment":[{"href":"https:\/\/primicias2262.com\/noticias\/wp-json\/wp\/v2\/media?parent=89817"}],"wp:term":[{"taxonomy":"category","embeddable":true,"href":"https:\/\/primicias2262.com\/noticias\/wp-json\/wp\/v2\/categories?post=89817"},{"taxonomy":"post_tag","embeddable":true,"href":"https:\/\/primicias2262.com\/noticias\/wp-json\/wp\/v2\/tags?post=89817"}],"curies":[{"name":"wp","href":"https:\/\/api.w.org\/{rel}","templated":true}]}}