{"id":89840,"date":"2022-05-15T16:04:37","date_gmt":"2022-05-15T19:04:37","guid":{"rendered":"https:\/\/primicias2262.com\/?p=89840"},"modified":"2022-05-15T16:04:37","modified_gmt":"2022-05-15T19:04:37","slug":"el-coro-alta-mira-celebrara-sus-primeros-30-anos-de-vida-en-el-teatro-municipal","status":"publish","type":"post","link":"https:\/\/primicias2262.com\/noticias\/el-coro-alta-mira-celebrara-sus-primeros-30-anos-de-vida-en-el-teatro-municipal\/","title":{"rendered":"El Coro Alta Mira celebrar\u00e1 sus primeros 30 a\u00f1os de vida en el Teatro Municipal"},"content":{"rendered":"<p>El espect\u00e1culo har\u00e1 un recorrido por los cl\u00e1sicos de Disney, con entrada totalmente libre y gratuita. La agrupaci\u00f3n tuvo su debut el 25 de mayo de 1992 y vuelve a la actividad plena tras los dos duros a\u00f1os de pandemia.<\/p>\n<p>El pr\u00f3ximo s\u00e1bado 28 de mayo, el Coro Alta Mira estar\u00e1 celebrando sus primeros treinta a\u00f1os de vida con un espect\u00e1culo totalmente gratuito y abierto a la comunidad que tendr\u00e1 desarrollo en la sala del Teatro Municipal \u201cLuis Sandrini\u201d, ofreciendo un recorrido por las canciones de las pel\u00edculas m\u00e1s celebres de la compa\u00f1\u00eda Disney.<\/p>\n<p>En el aire de Voces de la Ciudad, el director de la agrupaci\u00f3n, Roberto Goldar, coment\u00f3 sobre la funci\u00f3n que tendr\u00e1 inicio a las 20 que \u201ces un programa muy lindo, un espect\u00e1culo de unos 45 minutos\u201d con el que \u201cestamos muy entusiasmados\u201d.<\/p>\n<p>Sobre la rica historia y estas tres d\u00e9cadas dedicadas al canto, el tambi\u00e9n compositor y arreglador revel\u00f3 que el conjunto tuvo su debut el 25 de mayo de 1992 orientado, en primera instancia, por la profesora Beba Trobo, quien \u201carm\u00f3 un coro de padres y docentes y personal de la escuela (danesa), que despu\u00e9s se fue nutriendo con otras personas que no ten\u00edan relaci\u00f3n con la instituci\u00f3n\u201d.<\/p>\n<p>Despu\u00e9s de 24 a\u00f1os como director, Goldar destac\u00f3 que en este camino \u201chemos podido viajar much\u00edsimo, hemos estado en diferentes pa\u00edses\u201d y, tras dos a\u00f1os de inacci\u00f3n presencial, \u201cahora estamos muy contentos de poder volver a la actividad, porque uno de los grandes problemas que tuvimos en la pandemia es que no pod\u00edan reunirse m\u00e1s de diez personas, hicimos algunas cositas en forma virtual, pero no es lo mismo\u201d.<\/p>\n<p>Antes de volver a invitar a los vecinos a participar de la funci\u00f3n en la que festejar\u00e1n sus primeras tres d\u00e9cadas, para lo que se solicita acercar un alimento no perecedero o un \u00fatil escolar que ser\u00e1 destinado al merendero \u201cFrutillitas\u201d, el director indic\u00f3 que el grupo est\u00e1 compuesto por diecis\u00e9is integrantes que se juntan a practicar en la tarde de los martes y jueves en la misma escuela \u201cAlta Mira\u201d.<\/p>\n<p>Y anticip\u00f3 sobre el evento tradicional que organizan cada a\u00f1o que \u201cvamos a tener una precoraliada en el mes de julio, como acostumbramos, con coros de la zona, y la Coraliada 2022 del 29 de septiembre al 2 de octubre\u201d, para cuando destac\u00f3 sobre los problemas organizativos que \u201csiempre est\u00e1 en los traslados, pero los coros tienen muchas ganas de salir despu\u00e9s de estos dos a\u00f1os de pandemia, por lo que esperamos un gran evento\u201d.<\/p>\n","protected":false},"excerpt":{"rendered":"<p>El espect\u00e1culo har\u00e1 un recorrido por los cl\u00e1sicos de Disney, con entrada totalmente libre y gratuita. La agrupaci\u00f3n tuvo su debut el 25 de mayo de 1992 y vuelve a la actividad plena tras los dos duros a\u00f1os de pandemia. El pr\u00f3ximo s\u00e1bado 28 de mayo, el Coro Alta Mira estar\u00e1 celebrando sus primeros treinta [&hellip;]<\/p>\n","protected":false},"author":3,"featured_media":89841,"comment_status":"closed","ping_status":"closed","sticky":false,"template":"","format":"standard","meta":{"footnotes":""},"categories":[3],"tags":[],"class_list":["post-89840","post","type-post","status-publish","format-standard","has-post-thumbnail","category-masnoticias"],"_links":{"self":[{"href":"https:\/\/primicias2262.com\/noticias\/wp-json\/wp\/v2\/posts\/89840","targetHints":{"allow":["GET"]}}],"collection":[{"href":"https:\/\/primicias2262.com\/noticias\/wp-json\/wp\/v2\/posts"}],"about":[{"href":"https:\/\/primicias2262.com\/noticias\/wp-json\/wp\/v2\/types\/post"}],"author":[{"embeddable":true,"href":"https:\/\/primicias2262.com\/noticias\/wp-json\/wp\/v2\/users\/3"}],"replies":[{"embeddable":true,"href":"https:\/\/primicias2262.com\/noticias\/wp-json\/wp\/v2\/comments?post=89840"}],"version-history":[{"count":0,"href":"https:\/\/primicias2262.com\/noticias\/wp-json\/wp\/v2\/posts\/89840\/revisions"}],"wp:attachment":[{"href":"https:\/\/primicias2262.com\/noticias\/wp-json\/wp\/v2\/media?parent=89840"}],"wp:term":[{"taxonomy":"category","embeddable":true,"href":"https:\/\/primicias2262.com\/noticias\/wp-json\/wp\/v2\/categories?post=89840"},{"taxonomy":"post_tag","embeddable":true,"href":"https:\/\/primicias2262.com\/noticias\/wp-json\/wp\/v2\/tags?post=89840"}],"curies":[{"name":"wp","href":"https:\/\/api.w.org\/{rel}","templated":true}]}}