{"id":89843,"date":"2022-05-15T16:12:10","date_gmt":"2022-05-15T19:12:10","guid":{"rendered":"https:\/\/primicias2262.com\/?p=89843"},"modified":"2022-05-15T16:12:10","modified_gmt":"2022-05-15T19:12:10","slug":"rivero-apunto-sus-canones-contra-los-politicos-que-usan-al-peronismo-como-plataforma-electoral","status":"publish","type":"post","link":"https:\/\/primicias2262.com\/noticias\/rivero-apunto-sus-canones-contra-los-politicos-que-usan-al-peronismo-como-plataforma-electoral\/","title":{"rendered":"Rivero apunt\u00f3 sus ca\u00f1ones contra los pol\u00edticos que usan al peronismo como plataforma electoral"},"content":{"rendered":"<p>\u201cCuando se acercan las elecciones aparecen los que se quieren \u2018vestir\u2019 de peronistas para captar un voto\u201d, dispar\u00f3 el presidente del PJ local, asegurado que el candidato a intendente en 2023 ser\u00e1 elegido por los afiliados del PJ. Sobre pol\u00edtica nacional: \u201cTenemos que dejar de mirarnos el ombligo y solucionar los problemas de la gente\u201d.<\/p>\n<p>\u201cQue no aparezcan los pol\u00edticos el a\u00f1o que viene a disfrazarse de peronistas\u201d, hab\u00eda aseverado durante el homenaje a Eva Per\u00f3n, al cumplirse 103 a\u00f1os de su natalicio, el reelecto presidente del Consejo Distrital del Partido Justicialista, Marcelo Rivero, en un acto con la militancia que se desarroll\u00f3 en el monumento enclavado en la plazoleta central de Avenida 59 y calle 60.<\/p>\n<p>Consultado sobre sus dichos, en una entrevista brindada a Jorge G\u00f3mez para el programa Voces de la Ciudad, el referente asever\u00f3: \u201cLo dijimos porque es as\u00ed. Muchas veces cuando se acercan los a\u00f1os eleccionarios aparecen pol\u00edticos o pol\u00edticas que se quieren \u2018vestir\u2019 de peronistas para captar un voto que es muy numerosos en Necochea, Quequ\u00e9n y el interior\u201d.<\/p>\n<p>\u201cY lo decimos con un doble significado\u201d, agreg\u00f3 el abogado. Primero, \u201ccomo una cuesti\u00f3n de respeto hacia todos los compa\u00f1eros y las compa\u00f1eras que dedican toda su vida a la militancia, que llevan al peronismo en su coraz\u00f3n, que lo adoptan por principios, que creen firmemente, que son capaces de realizar actos solidarios -algunas veces rayanos a lo heroico- para ayudar a la gente que lo necesita\u201d.<\/p>\n<p>Por otro lado, \u201cpara que no se subestimen al partido en su conjunto, que ha dado muchas cosas buenas al distrito, como grandes dirigentes -siempre pongo el ejemplo de Guarracino o Taraborelli- que hicieron del peronismo una cosa muy importante que logr\u00f3 enamorar a una gran parte de la sociedad necochense\u201d.<\/p>\n<p>Sobre esta presunci\u00f3n, el titular del PJ local remarc\u00f3 que \u201cahora, que no es un a\u00f1o eleccionario, no se ven pol\u00edticos o pol\u00edticas de otras fuerzas o agrupaciones. No nos gustar\u00eda que el a\u00f1o que viene, cuando sea el momento de las elecciones, se acerquen haci\u00e9ndose los peronistas y traten de captar o seducir a esos votos que requieren de una militancia de 365 d\u00edas al a\u00f1o\u201d; y adjudic\u00f3 este tipo de actitud a los \u00faltimos resultados en las urnas: \u201cPor eso despu\u00e9s nos va mal, porque aparecen (esos dirigentes) y la gente ya no les cree\u201d.<\/p>\n<p>Esta y otras conductas son las que se pretenden cambiar de ra\u00edz en el seno de la hist\u00f3rica fuerza pol\u00edtica, que en las votaciones legislativas de 2019 se vio subyugada a la decisi\u00f3n de otras facciones del Frente de Todos. \u201cSe trata de que en Necochea el candidato o la candidata a intendente de parte del Partido Justicialista sea elegido por sus afiliados, ni m\u00e1s ni menos. Para eso estamos trabajado, para eso planteamos este segundo periodo de mandato, y es algo que estamos logrando d\u00eda a d\u00eda\u201d, remat\u00f3 el ex secretario de Gobierno municipal.<\/p>\n<p>Para contextualizar las aspiraciones del movimiento en la arena local, Rivero manifest\u00f3 que \u201cel peronismo ha tenido ciclos muy exitosos y otros de oscurantismo en la pol\u00edtica de Necochea. Creo que se termin\u00f3 ese ciclo gris, de un peronismo chiquito que no se pod\u00eda, siquiera, presentar en elecciones. Hoy estamos viendo una nueva p\u00e1gina de la historia, que es una donde el peronismo vuelva a ser lo que realmente fue y que tenga los mejores hombres y las mejores ideas, pensando siempre primero en Necochea y luego en la Naci\u00f3n o la Provincia\u201d.<\/p>\n<p>As\u00ed, el dirigente se introdujo en otra de las pol\u00e9micas pujas que vive hoy el hist\u00f3rico partido: la de la identificaci\u00f3n con el Gobierno de Alberto y Cristina Fern\u00e1ndez. Con uno, con ambos o con ninguno. \u201cLos que la est\u00e1n pasando mal y est\u00e1n sufriendo no son los pol\u00edticos. La gente que la est\u00e1 pasando mal es la que no tiene trabajo, la que tiene sueldos que no le alcanzan para llegar a fin de mes, la que no puede dar cobertura de salud a sus hijos o no los puede mandar a la universidad o a la escuela; y eso es insostenible e indefendible en un gobierno que se dice peronista\u201d.<\/p>\n<p>\u201cM\u00e1s que pelearnos entre nosotros, lo que deber\u00edamos hacer es ponernos a trabajar para solucionar los problemas a la gente: para que no haya inflaci\u00f3n, para que haya trabajo, para que los sueldos mejoren, para que haya consumo. En eso tenemos que trabajar los peronistas y ojal\u00e1 sea tomado por nuestras autoridades nacionales y provinciales. Nos tenemos que dejar de mirar el ombligo y empezar a solucionar los problemas de la gente\u201d, sentenci\u00f3 Rivero.<\/p>\n","protected":false},"excerpt":{"rendered":"<p>\u201cCuando se acercan las elecciones aparecen los que se quieren \u2018vestir\u2019 de peronistas para captar un voto\u201d, dispar\u00f3 el presidente del PJ local, asegurado que el candidato a intendente en 2023 ser\u00e1 elegido por los afiliados del PJ. Sobre pol\u00edtica nacional: \u201cTenemos que dejar de mirarnos el ombligo y solucionar los problemas de la gente\u201d. [&hellip;]<\/p>\n","protected":false},"author":3,"featured_media":89844,"comment_status":"closed","ping_status":"closed","sticky":false,"template":"","format":"standard","meta":{"footnotes":""},"categories":[3],"tags":[],"class_list":["post-89843","post","type-post","status-publish","format-standard","has-post-thumbnail","category-masnoticias"],"_links":{"self":[{"href":"https:\/\/primicias2262.com\/noticias\/wp-json\/wp\/v2\/posts\/89843","targetHints":{"allow":["GET"]}}],"collection":[{"href":"https:\/\/primicias2262.com\/noticias\/wp-json\/wp\/v2\/posts"}],"about":[{"href":"https:\/\/primicias2262.com\/noticias\/wp-json\/wp\/v2\/types\/post"}],"author":[{"embeddable":true,"href":"https:\/\/primicias2262.com\/noticias\/wp-json\/wp\/v2\/users\/3"}],"replies":[{"embeddable":true,"href":"https:\/\/primicias2262.com\/noticias\/wp-json\/wp\/v2\/comments?post=89843"}],"version-history":[{"count":0,"href":"https:\/\/primicias2262.com\/noticias\/wp-json\/wp\/v2\/posts\/89843\/revisions"}],"wp:attachment":[{"href":"https:\/\/primicias2262.com\/noticias\/wp-json\/wp\/v2\/media?parent=89843"}],"wp:term":[{"taxonomy":"category","embeddable":true,"href":"https:\/\/primicias2262.com\/noticias\/wp-json\/wp\/v2\/categories?post=89843"},{"taxonomy":"post_tag","embeddable":true,"href":"https:\/\/primicias2262.com\/noticias\/wp-json\/wp\/v2\/tags?post=89843"}],"curies":[{"name":"wp","href":"https:\/\/api.w.org\/{rel}","templated":true}]}}