{"id":89846,"date":"2022-05-15T16:16:49","date_gmt":"2022-05-15T19:16:49","guid":{"rendered":"https:\/\/primicias2262.com\/?p=89846"},"modified":"2022-05-15T16:16:49","modified_gmt":"2022-05-15T19:16:49","slug":"el-obispo-gabriel-mestre-cumple-25-anos-de-sacerdocio","status":"publish","type":"post","link":"https:\/\/primicias2262.com\/noticias\/el-obispo-gabriel-mestre-cumple-25-anos-de-sacerdocio\/","title":{"rendered":"El obispo Gabriel Mestre cumple 25 a\u00f1os de sacerdocio"},"content":{"rendered":"<p style=\"font-weight: 400;\"><strong>El pr\u00f3ximo lunes 16 de mayo la Di\u00f3cesis de Mar del Plata celebrar\u00e1 los 25 a\u00f1os del ministerio sacerdotal del padre obispo Gabriel Mestre, con una Misa en la Iglesia Catedral a las 19hs.<\/strong><\/p>\n<p style=\"font-weight: 400;\">Gabriel Mestre fue ordenado sacerdote del Se\u00f1or el 16 de mayo de 1997 en una ceremonia religiosa presidida por el obispo Mons. Jos\u00e9 Mar\u00eda Arancedo y acompa\u00f1ado por los sacerdotes de la di\u00f3cesis. En esa misma ceremonia tambi\u00e9n fueron ordenados el Padre Fernando Mendoza, actual p\u00e1rroco de Necochea y el Padre Mart\u00edn Llanos, actualmente incardinado en la di\u00f3cesis de Santa Rosa del Pampa.<\/p>\n<p style=\"font-weight: 400;\">El joven sacerdote Gabriel Antonio Mestre, proveniente de las organizaciones juveniles de la di\u00f3cesis, celebr\u00f3 su primera Misa solemne el 18 de mayo en la Catedral y la predicaci\u00f3n estuvo a cargo del Padre Pablo Etchepareborda.<\/p>\n<p style=\"font-weight: 400;\">Mons. Arancedo design\u00f3 al Padre Gabriel como presb\u00edtero vicario parroquial de la Catedral y asesor diocesano de los j\u00f3venes de Acci\u00f3n Cat\u00f3lica.<\/p>\n<p style=\"font-weight: 400;\">A partir de all\u00ed el Se\u00f1or prodig\u00f3 al padre Gabriel de m\u00faltiples responsabilidades de estudio, trabajo y oraci\u00f3n que se volcaron en todos los \u00e1mbitos de la di\u00f3cesis. Adem\u00e1s asumi\u00f3 responsabilidades acad\u00e9micas de estudio y ense\u00f1anza en diversas universidades con las que a\u00fan contin\u00faa en su tarea, especialmente dedicada a los estudios b\u00edblicos.<\/p>\n","protected":false},"excerpt":{"rendered":"<p>El pr\u00f3ximo lunes 16 de mayo la Di\u00f3cesis de Mar del Plata celebrar\u00e1 los 25 a\u00f1os del ministerio sacerdotal del padre obispo Gabriel Mestre, con una Misa en la Iglesia Catedral a las 19hs. Gabriel Mestre fue ordenado sacerdote del Se\u00f1or el 16 de mayo de 1997 en una ceremonia religiosa presidida por el obispo [&hellip;]<\/p>\n","protected":false},"author":3,"featured_media":89849,"comment_status":"closed","ping_status":"closed","sticky":false,"template":"","format":"standard","meta":{"footnotes":""},"categories":[3],"tags":[],"class_list":["post-89846","post","type-post","status-publish","format-standard","has-post-thumbnail","category-masnoticias"],"_links":{"self":[{"href":"https:\/\/primicias2262.com\/noticias\/wp-json\/wp\/v2\/posts\/89846","targetHints":{"allow":["GET"]}}],"collection":[{"href":"https:\/\/primicias2262.com\/noticias\/wp-json\/wp\/v2\/posts"}],"about":[{"href":"https:\/\/primicias2262.com\/noticias\/wp-json\/wp\/v2\/types\/post"}],"author":[{"embeddable":true,"href":"https:\/\/primicias2262.com\/noticias\/wp-json\/wp\/v2\/users\/3"}],"replies":[{"embeddable":true,"href":"https:\/\/primicias2262.com\/noticias\/wp-json\/wp\/v2\/comments?post=89846"}],"version-history":[{"count":0,"href":"https:\/\/primicias2262.com\/noticias\/wp-json\/wp\/v2\/posts\/89846\/revisions"}],"wp:attachment":[{"href":"https:\/\/primicias2262.com\/noticias\/wp-json\/wp\/v2\/media?parent=89846"}],"wp:term":[{"taxonomy":"category","embeddable":true,"href":"https:\/\/primicias2262.com\/noticias\/wp-json\/wp\/v2\/categories?post=89846"},{"taxonomy":"post_tag","embeddable":true,"href":"https:\/\/primicias2262.com\/noticias\/wp-json\/wp\/v2\/tags?post=89846"}],"curies":[{"name":"wp","href":"https:\/\/api.w.org\/{rel}","templated":true}]}}