{"id":89879,"date":"2022-05-16T12:34:21","date_gmt":"2022-05-16T15:34:21","guid":{"rendered":"https:\/\/primicias2262.com\/?p=89879"},"modified":"2022-05-16T12:34:21","modified_gmt":"2022-05-16T15:34:21","slug":"este-miercoles-no-habra-servicio-diurno-de-recoleccion-de-residuos","status":"publish","type":"post","link":"https:\/\/primicias2262.com\/noticias\/este-miercoles-no-habra-servicio-diurno-de-recoleccion-de-residuos\/","title":{"rendered":"Este mi\u00e9rcoles no habr\u00e1 servicio diurno de recolecci\u00f3n de residuos"},"content":{"rendered":"<p>El \u00c1rea de Recolecci\u00f3n de Residuos, a cargo de Adri\u00e1n Ciancaglini, informa que este mi\u00e9rcoles 18, jornada de Censo Nacional, no habr\u00e1 servicio en el horario diurno.<\/p>\n<p>En tanto que el operativo de recolecci\u00f3n nocturno se desarrollar\u00e1 de manera normal.<\/p>\n<p><a href=\"https:\/\/primicias2262.com\/wp-content\/uploads\/2022\/05\/WhatsApp-Image-2022-05-16-at-11.21.45-AM.jpeg\"><img loading=\"lazy\" decoding=\"async\" class=\"aligncenter size-full wp-image-89880\" src=\"https:\/\/primicias2262.com\/wp-content\/uploads\/2022\/05\/WhatsApp-Image-2022-05-16-at-11.21.45-AM.jpeg\" alt=\"\" width=\"1080\" height=\"1080\" \/><\/a><\/p>\n","protected":false},"excerpt":{"rendered":"<p>El \u00c1rea de Recolecci\u00f3n de Residuos, a cargo de Adri\u00e1n Ciancaglini, informa que este mi\u00e9rcoles 18, jornada de Censo Nacional, no habr\u00e1 servicio en el horario diurno. En tanto que el operativo de recolecci\u00f3n nocturno se desarrollar\u00e1 de manera normal.<\/p>\n","protected":false},"author":3,"featured_media":73164,"comment_status":"closed","ping_status":"closed","sticky":false,"template":"","format":"standard","meta":{"footnotes":""},"categories":[3],"tags":[],"class_list":["post-89879","post","type-post","status-publish","format-standard","has-post-thumbnail","category-masnoticias"],"_links":{"self":[{"href":"https:\/\/primicias2262.com\/noticias\/wp-json\/wp\/v2\/posts\/89879","targetHints":{"allow":["GET"]}}],"collection":[{"href":"https:\/\/primicias2262.com\/noticias\/wp-json\/wp\/v2\/posts"}],"about":[{"href":"https:\/\/primicias2262.com\/noticias\/wp-json\/wp\/v2\/types\/post"}],"author":[{"embeddable":true,"href":"https:\/\/primicias2262.com\/noticias\/wp-json\/wp\/v2\/users\/3"}],"replies":[{"embeddable":true,"href":"https:\/\/primicias2262.com\/noticias\/wp-json\/wp\/v2\/comments?post=89879"}],"version-history":[{"count":0,"href":"https:\/\/primicias2262.com\/noticias\/wp-json\/wp\/v2\/posts\/89879\/revisions"}],"wp:attachment":[{"href":"https:\/\/primicias2262.com\/noticias\/wp-json\/wp\/v2\/media?parent=89879"}],"wp:term":[{"taxonomy":"category","embeddable":true,"href":"https:\/\/primicias2262.com\/noticias\/wp-json\/wp\/v2\/categories?post=89879"},{"taxonomy":"post_tag","embeddable":true,"href":"https:\/\/primicias2262.com\/noticias\/wp-json\/wp\/v2\/tags?post=89879"}],"curies":[{"name":"wp","href":"https:\/\/api.w.org\/{rel}","templated":true}]}}