{"id":89882,"date":"2022-05-16T14:27:51","date_gmt":"2022-05-16T17:27:51","guid":{"rendered":"https:\/\/primicias2262.com\/?p=89882"},"modified":"2022-05-16T14:27:51","modified_gmt":"2022-05-16T17:27:51","slug":"desde-junio-el-hospital-modular-sera-el-unico-punto-vacunatorio-contra-el-covid-19","status":"publish","type":"post","link":"https:\/\/primicias2262.com\/noticias\/desde-junio-el-hospital-modular-sera-el-unico-punto-vacunatorio-contra-el-covid-19\/","title":{"rendered":"Desde junio, el Hospital Modular ser\u00e1 el \u00fanico punto vacunatorio contra el Covid-19"},"content":{"rendered":"<p>Lo confirm\u00f3 Adriana Turiaci en el aire de Voces de la Ciudad. La posta del Club Ministerio estar\u00e1 activa hasta el 30 de mayo. Ante la propagaci\u00f3n de virus respiratorios, la coordinadora habl\u00f3 de la escasez de antigripales y de la campa\u00f1a municipal para atacar infecciones en los ni\u00f1os desde los centros de salud.<\/p>\n<p>A partir del pr\u00f3ximo mi\u00e9rcoles 1\u00ba de junio, ante la merma detectada en la cantidad de inoculaciones en cada posta oficial, el Hospital Modular se transformar\u00e1 en el \u00fanico punto de vacunaci\u00f3n contra el Covid-19 en el distrito de Necochea, pudiendo los vecinos de Quequ\u00e9n optar por aplicarse cualquiera de las dosis en el Club Ministerio hasta el lunes 30 de mayo.<\/p>\n<p>As\u00ed lo manifest\u00f3 en el aire de Voces de la Ciudad, por FM Vinilo 103.5 MHz, la coordinadora local del operativo, Adriana Turiaci, refiriendo que la decisi\u00f3n fue tomada m\u00e1s all\u00e1 de que la semana pasada el n\u00famero de vacunados ascendi\u00f3 a cerca de los 2 millares, pero teniendo en cuenta que hasta el momento \u201cson m\u00e1s de 234 mil las dosis dadas\u201d desde que se puso en marcha el accionar.<\/p>\n<p>Inform\u00f3 que el mi\u00e9rcoles 18 de mayo, feriado nacional con motivo de la realizaci\u00f3n del Censo 2022, los vacunatorios estar\u00e1n cerrados, la coordinadora revel\u00f3 que este martes 17 se realizar\u00e1 un operativo itinerante en la unidad barrial de la Terminal, m\u00e1s precisamente en calle 60 bis al 1937, entre las 14 y las 17.<\/p>\n<p>Sobre la situaci\u00f3n epidemiol\u00f3gica del distrito, la referente sanitaria indic\u00f3 que \u201cno tenemos internados y creo que el n\u00famero (de casos activos) es muy similar al de la semana pasada, con cuatro o cinco\u201d, atribuyendo estos datos al hecho de que \u201cestamos muy bien vacunados\u201d.<\/p>\n<p><strong>Clima ideal para los virus respiratorios<\/strong><\/p>\n<p>Por otra parte, la coordinadora calific\u00f3 a las condiciones clim\u00e1ticas actuales como \u201cideales\u201d para la propagaci\u00f3n de \u201ctodos los virus respiratorios\u201d, considerando a la vacunaci\u00f3n como una clave para prevenir este tipo de enfermedades.<\/p>\n<p>En este marco, habl\u00f3 sobre la escasez de dosis antigripales en Necochea: \u201cLlegaron 200 el mi\u00e9rcoles y un n\u00famero similar el viernes, solamente para adultos, no llegaron de adultos mayores, y se repartieron por los centros de Salud, por lo que la gente puede acercarse a averiguar\u201d por la disponibilidad, mientras \u201cseguimos esperando porque dicen que esto se va a arreglar antes de fin de mes\u201d.<\/p>\n<p>Finalmente, Turiaci inform\u00f3 que a partir de hoy el municipio pone en marcha la campa\u00f1a IRAB, por la que estar\u00e1n disponibles cuatro puntos con atenci\u00f3n prolongada para la prevenci\u00f3n o tratamiento de Infecciones Respiratorias Agudas Bajas para ni\u00f1os de hasta 5 a\u00f1os.<\/p>\n<p>En detalle, estar\u00e1n abiertos de lunes a viernes hasta las 17 el CAPS Puerto, en la esquina de 18 y 55; el CAPS Fomento, en calle 519 N\u00ba 2267; el CIC del Barrio Norte, en la intersecci\u00f3n de 92 y 47; y el Hospital Irurzun de Quequ\u00e9n.<\/p>\n<p>\u201cTraducido, para que la gente entienda, apunta a los casos de bronquiolitis, bronquitis, neumonitis o neumon\u00eda de los chicos\u201d, explic\u00f3 la vacunadora, por lo que se recomienda que las familias acerquen a sus hijos al operativo en caso de presentar alguna dificultad respiratoria, \u201cdonde hay una enfermera capacitada para poder evaluar la gravedad del cuadro, derivarlo o no, hacerle un Puff o medicarlo y citarlo para que lo vea el m\u00e9dico al otro d\u00eda\u201d.<\/p>\n","protected":false},"excerpt":{"rendered":"<p>Lo confirm\u00f3 Adriana Turiaci en el aire de Voces de la Ciudad. La posta del Club Ministerio estar\u00e1 activa hasta el 30 de mayo. Ante la propagaci\u00f3n de virus respiratorios, la coordinadora habl\u00f3 de la escasez de antigripales y de la campa\u00f1a municipal para atacar infecciones en los ni\u00f1os desde los centros de salud. A [&hellip;]<\/p>\n","protected":false},"author":3,"featured_media":85983,"comment_status":"closed","ping_status":"closed","sticky":false,"template":"","format":"standard","meta":{"footnotes":""},"categories":[3],"tags":[],"class_list":["post-89882","post","type-post","status-publish","format-standard","has-post-thumbnail","category-masnoticias"],"_links":{"self":[{"href":"https:\/\/primicias2262.com\/noticias\/wp-json\/wp\/v2\/posts\/89882","targetHints":{"allow":["GET"]}}],"collection":[{"href":"https:\/\/primicias2262.com\/noticias\/wp-json\/wp\/v2\/posts"}],"about":[{"href":"https:\/\/primicias2262.com\/noticias\/wp-json\/wp\/v2\/types\/post"}],"author":[{"embeddable":true,"href":"https:\/\/primicias2262.com\/noticias\/wp-json\/wp\/v2\/users\/3"}],"replies":[{"embeddable":true,"href":"https:\/\/primicias2262.com\/noticias\/wp-json\/wp\/v2\/comments?post=89882"}],"version-history":[{"count":0,"href":"https:\/\/primicias2262.com\/noticias\/wp-json\/wp\/v2\/posts\/89882\/revisions"}],"wp:attachment":[{"href":"https:\/\/primicias2262.com\/noticias\/wp-json\/wp\/v2\/media?parent=89882"}],"wp:term":[{"taxonomy":"category","embeddable":true,"href":"https:\/\/primicias2262.com\/noticias\/wp-json\/wp\/v2\/categories?post=89882"},{"taxonomy":"post_tag","embeddable":true,"href":"https:\/\/primicias2262.com\/noticias\/wp-json\/wp\/v2\/tags?post=89882"}],"curies":[{"name":"wp","href":"https:\/\/api.w.org\/{rel}","templated":true}]}}