{"id":89887,"date":"2022-05-16T19:22:16","date_gmt":"2022-05-16T22:22:16","guid":{"rendered":"https:\/\/primicias2262.com\/?p=89887"},"modified":"2022-05-16T19:22:16","modified_gmt":"2022-05-16T22:22:16","slug":"la-uta-anuncio-que-habra-un-paro-de-micros-por-tres-dias","status":"publish","type":"post","link":"https:\/\/primicias2262.com\/noticias\/la-uta-anuncio-que-habra-un-paro-de-micros-por-tres-dias\/","title":{"rendered":"La UTA anunci\u00f3 que habr\u00e1 un paro de micros por tres d\u00edas"},"content":{"rendered":"<p><strong>La medida comenzar\u00e1 a regir desde la 0 hora de este martes 17 de mayo. Se brindar\u00e1 el servicio con normalidad este mi\u00e9rcoles 18, por la jornada destinada al censo nacional, y se retomar\u00e1 el paro el venidero jueves, extendi\u00e9ndose hasta las 24 hs del pr\u00f3ximo viernes 20 de mayo. Lo confirmo el gremio con cabecera en Mar del Plata y que nuclea a los choferes de los colectivos azules y verdes que circulan en Necochea y Quequ\u00e9n<\/strong><\/p>\n<p><strong>Por Jorge G\u00f3mez<\/strong><\/p>\n<p>La Uni\u00f3n Tranviaria Automotor (UTA), gremio que nuclea a los choferes de micros de las dos empresas concesionarias que brindan servicio en Necochea y Quequ\u00e9n (Compa\u00f1\u00eda de Transportes Necochea y Micro \u00d3mnibus Nueva Pompeya) anunci\u00f3 en la tarde de este lunes 16 de mayo un paro de colectivos urbanos -media y corta distancia- por tres d\u00edas luego de que fracasara una nueva reuni\u00f3n paritaria.<\/p>\n<p>Seg\u00fan consta en el documento conocido, emitido por el gremio, la medida ser\u00e1 de 72 horas. Comenzar\u00e1 a tener vigencia desde la medianoche de esta martes -a partir de la 0 hora-, prolong\u00e1ndose en esta primera etapa hasta las 24 de la misma jornada. Y los micros volver\u00e1n a circular el pr\u00f3ximo mi\u00e9rcoles 18, jornada en la que tendr\u00e1 lugar el censo nacional, retom\u00e1ndose el paro de labores de los choferes de colectivos desde la 0 hora del jueves y llevando la decisi\u00f3n de protesta hasta las 24 del viernes 20.<\/p>\n<p>\u201cConfirmamos la medida de fuerza por 72 horas debido al no acuerdo paritario a partir de las 00\u201d hora, informaron fuentes oficiales de la UTA en Mar del Plata, que es la cabecera Seccional del Gremio que tiene su alcance en la Delegaci\u00f3n Necochea.<\/p>\n<p>La medida impactar\u00e1, adem\u00e1s, en otras ciudades y locales del interior del pa\u00eds.<br \/>\nA trav\u00e9s de un escueto comunicado, desde la seccional Mar del Plata de la UTA confirmaron pasadas las 18.30 que las partes no llegaron a un acuerdo por lo que los colectivos dejar\u00e1n de circular por las calles de Mar del Plata (y de otras comunidades, entre ellas las de Necochea y Quequ\u00e9n) a partir de las 0 del martes, con el detalle apuntado m\u00e1s arriba de que la inactividad se extender\u00e1 hasta cerrar la presente semana h\u00e1bil.<\/p>\n<p>El gremio aclar\u00f3 en su comunicado que el servicio funcionar\u00e1 con normalidad el mi\u00e9rcoles \u201cen colaboraci\u00f3n a la funci\u00f3n desempe\u00f1ada ese d\u00eda, en la instancia de feriado nacional\u00bb por el mencionado censo.<\/p>\n<p>Las negociaciones entre el gremio de los choferes y los empresarios quedaron truncas despu\u00e9s de una nueva audiencia que se llev\u00f3 a cabo en el Ministerio de Trabajo de la Naci\u00f3n.<\/p>\n<p>Los choferes de colectivos reclaman a los empresarios un aumento salarial igual al que lograron los trabajadores del \u00c1rea Metropolitana de Buenos Aires (Amba) el mes pasado. Los choferes de Capital Federal y el conurbano consiguieron una suba de 50% escalonada para alcanzar un salario b\u00e1sico de 150.000 pesos en agosto y tambi\u00e9n acordaron un no remunerativo de 43.000 pesos, en cuatro cuotas.<\/p>\n","protected":false},"excerpt":{"rendered":"<p>La medida comenzar\u00e1 a regir desde la 0 hora de este martes 17 de mayo. Se brindar\u00e1 el servicio con normalidad este mi\u00e9rcoles 18, por la jornada destinada al censo nacional, y se retomar\u00e1 el paro el venidero jueves, extendi\u00e9ndose hasta las 24 hs del pr\u00f3ximo viernes 20 de mayo. Lo confirmo el gremio con [&hellip;]<\/p>\n","protected":false},"author":3,"featured_media":83052,"comment_status":"closed","ping_status":"closed","sticky":false,"template":"","format":"standard","meta":{"footnotes":""},"categories":[3],"tags":[],"class_list":["post-89887","post","type-post","status-publish","format-standard","has-post-thumbnail","category-masnoticias"],"_links":{"self":[{"href":"https:\/\/primicias2262.com\/noticias\/wp-json\/wp\/v2\/posts\/89887","targetHints":{"allow":["GET"]}}],"collection":[{"href":"https:\/\/primicias2262.com\/noticias\/wp-json\/wp\/v2\/posts"}],"about":[{"href":"https:\/\/primicias2262.com\/noticias\/wp-json\/wp\/v2\/types\/post"}],"author":[{"embeddable":true,"href":"https:\/\/primicias2262.com\/noticias\/wp-json\/wp\/v2\/users\/3"}],"replies":[{"embeddable":true,"href":"https:\/\/primicias2262.com\/noticias\/wp-json\/wp\/v2\/comments?post=89887"}],"version-history":[{"count":0,"href":"https:\/\/primicias2262.com\/noticias\/wp-json\/wp\/v2\/posts\/89887\/revisions"}],"wp:attachment":[{"href":"https:\/\/primicias2262.com\/noticias\/wp-json\/wp\/v2\/media?parent=89887"}],"wp:term":[{"taxonomy":"category","embeddable":true,"href":"https:\/\/primicias2262.com\/noticias\/wp-json\/wp\/v2\/categories?post=89887"},{"taxonomy":"post_tag","embeddable":true,"href":"https:\/\/primicias2262.com\/noticias\/wp-json\/wp\/v2\/tags?post=89887"}],"curies":[{"name":"wp","href":"https:\/\/api.w.org\/{rel}","templated":true}]}}