{"id":89914,"date":"2022-05-17T12:45:40","date_gmt":"2022-05-17T15:45:40","guid":{"rendered":"https:\/\/primicias2262.com\/?p=89914"},"modified":"2022-05-17T12:45:40","modified_gmt":"2022-05-17T15:45:40","slug":"anuncian-una-charla-virtual-sobre-bibliotecas-de-semillas","status":"publish","type":"post","link":"https:\/\/primicias2262.com\/noticias\/anuncian-una-charla-virtual-sobre-bibliotecas-de-semillas\/","title":{"rendered":"Anuncian una charla virtual sobre bibliotecas de semillas"},"content":{"rendered":"<p>El Centro Cultural Necochea Biblioteca Popular Andr\u00e9s Ferreyra (CCN\/BPAF) informa que este martes 17 de mayo a partir de las 19:00 horas, se desarrollar\u00e1 la charla virtual \u201cColecciones de semillas en bibliotecas\u201d, en la que se presentar\u00e1 la Biblioteca de Semillas \u201cCiudad Frutal\u201d, de esta instituci\u00f3n.<\/p>\n<p>El evento est\u00e1 organizado por UNIRED (Red de Bibliotecas en Ciencias Sociales y Humanidades), sistema cooperativo y descentralizado formado por m\u00e1s de 60 bibliotecas argentinas, y se realizar\u00e1 \u2013previa inscripci\u00f3n (<a href=\"https:\/\/forms.gle\/9GoektRhcF5rWN6s6\"><u>https:\/\/forms.gle\/9GoektRhcF5rWN6s6<\/u><\/a>) &#8211; en modalidad virtual por el Canal de YouTube de UNIRED: <a href=\"https:\/\/www.youtube.com\/channel\/UCKHTJ7m1vMbkSn8_Ep_kg2g\"><u>https:\/\/www.youtube.com\/channel\/UCKHTJ7m1vMbkSn8_Ep_kg2g<\/u><\/a>, con entrega de certificados.<\/p>\n<p>En esta oportunidad, adem\u00e1s de Eugenia Podlesny por \u201cCiudad Frutal\u201d del CCN\/BPAF, se contar\u00e1 con la participaci\u00f3n de Mar\u00eda Cecilia Corda; Adolfina Deliantoni, Clarisa Aba\u00fanza y Patricia Pereyra representantes de otras bibliotecas de semillas del pa\u00eds.<\/p>\n<p>Cabe recordar que el servicio de entrega de semillas en el CCN\/BPAF, se realiza los d\u00edas lunes, martes y mi\u00e9rcoles de 14 a 20 horas, en el primer piso de la instituci\u00f3n, ubicada en calle 54, entre 61 y 63.<\/p>\n","protected":false},"excerpt":{"rendered":"<p>El Centro Cultural Necochea Biblioteca Popular Andr\u00e9s Ferreyra (CCN\/BPAF) informa que este martes 17 de mayo a partir de las 19:00 horas, se desarrollar\u00e1 la charla virtual \u201cColecciones de semillas en bibliotecas\u201d, en la que se presentar\u00e1 la Biblioteca de Semillas \u201cCiudad Frutal\u201d, de esta instituci\u00f3n. El evento est\u00e1 organizado por UNIRED (Red de Bibliotecas [&hellip;]<\/p>\n","protected":false},"author":3,"featured_media":89915,"comment_status":"closed","ping_status":"closed","sticky":false,"template":"","format":"standard","meta":{"footnotes":""},"categories":[3],"tags":[],"class_list":["post-89914","post","type-post","status-publish","format-standard","has-post-thumbnail","category-masnoticias"],"_links":{"self":[{"href":"https:\/\/primicias2262.com\/noticias\/wp-json\/wp\/v2\/posts\/89914","targetHints":{"allow":["GET"]}}],"collection":[{"href":"https:\/\/primicias2262.com\/noticias\/wp-json\/wp\/v2\/posts"}],"about":[{"href":"https:\/\/primicias2262.com\/noticias\/wp-json\/wp\/v2\/types\/post"}],"author":[{"embeddable":true,"href":"https:\/\/primicias2262.com\/noticias\/wp-json\/wp\/v2\/users\/3"}],"replies":[{"embeddable":true,"href":"https:\/\/primicias2262.com\/noticias\/wp-json\/wp\/v2\/comments?post=89914"}],"version-history":[{"count":0,"href":"https:\/\/primicias2262.com\/noticias\/wp-json\/wp\/v2\/posts\/89914\/revisions"}],"wp:attachment":[{"href":"https:\/\/primicias2262.com\/noticias\/wp-json\/wp\/v2\/media?parent=89914"}],"wp:term":[{"taxonomy":"category","embeddable":true,"href":"https:\/\/primicias2262.com\/noticias\/wp-json\/wp\/v2\/categories?post=89914"},{"taxonomy":"post_tag","embeddable":true,"href":"https:\/\/primicias2262.com\/noticias\/wp-json\/wp\/v2\/tags?post=89914"}],"curies":[{"name":"wp","href":"https:\/\/api.w.org\/{rel}","templated":true}]}}