{"id":89922,"date":"2022-05-17T13:10:40","date_gmt":"2022-05-17T16:10:40","guid":{"rendered":"https:\/\/primicias2262.com\/?p=89922"},"modified":"2022-05-17T13:10:40","modified_gmt":"2022-05-17T16:10:40","slug":"fallecio-nora-amorena-ex-titular-de-ena-y-dirigente-de-la-ucr","status":"publish","type":"post","link":"https:\/\/primicias2262.com\/noticias\/fallecio-nora-amorena-ex-titular-de-ena-y-dirigente-de-la-ucr\/","title":{"rendered":"Falleci\u00f3 Nora Amorena, ex titular de ENA y dirigente de la UCR"},"content":{"rendered":"<p><strong>A los 78 a\u00f1os de edad. Sus restos ser\u00e1n velados durante la siesta de esta jornada, en una de las salas de sepelios de la UPC. Durante 34 a\u00f1os condujo localmente los destinos de Educadores Necochenses Asociados, gremio clave en la docencia local. Fue concejala y consejera titular en el distrito de Necochea en representaci\u00f3n del radicalismo<\/strong><\/p>\n<p><strong>Por Jorge G\u00f3mez<\/strong><\/p>\n<p>En las primeras horas de la ma\u00f1ana de este martes 17 de mayo de 2022 dej\u00f3 de existir, a los 78 a\u00f1os de edad, Nora Esther Amorena, quien durante 34 a\u00f1os ocup\u00f3 el cargo de secretaria general de Educadores Necochenses Asociados (ENA), entidad adherida a la Federaci\u00f3n de Educadores Bonaerenses (FEB), y que tambi\u00e9n fuera electa concejala y consejera escolar titular en representaci\u00f3n de la Uni\u00f3n C\u00edvica Radical local.<\/p>\n<p>Sus restos, seg\u00fan se inform\u00f3, ser\u00e1n velados a partir de las 13 y hasta las 16 en la Sala N\u00ba 1 del \u00e1rea de Sepelios de la UPC de Necochea, en avenida 59 y 80, tras lo cual ser\u00e1n trasladados al cementerio privado para su posterior cremaci\u00f3n.<\/p>\n<p>P\u00e9same y condolencias a su apreciada familia, y una plegaria a su memoria.<br \/>\nY un especial reconocimiento habida cuenta su respetuoso y activo paso por la vida p\u00fablica y privada de Necochea, colectando en los \u00e1mbitos, en los que se desempe\u00f1\u00f3 la estimada Nora, afecto y consideraci\u00f3n de quienes tuvimos el gusto de conocerla, como as\u00ed de apreciar sus virtudes como docente, militante gremial y pol\u00edtica, adem\u00e1s de estar al tanto de la fuerte ligaz\u00f3n que mantuvo siempre con su familia y allegados.<\/p>\n<p>Debido a este hecho, las oficinas de ENA, sitas en calle 65 casi esquina 68, se encuentran cerradas al p\u00fablico, adhiri\u00e9ndose al consiguiente duelo.<\/p>\n","protected":false},"excerpt":{"rendered":"<p>A los 78 a\u00f1os de edad. Sus restos ser\u00e1n velados durante la siesta de esta jornada, en una de las salas de sepelios de la UPC. Durante 34 a\u00f1os condujo localmente los destinos de Educadores Necochenses Asociados, gremio clave en la docencia local. Fue concejala y consejera titular en el distrito de Necochea en representaci\u00f3n [&hellip;]<\/p>\n","protected":false},"author":3,"featured_media":89924,"comment_status":"closed","ping_status":"closed","sticky":false,"template":"","format":"standard","meta":{"footnotes":""},"categories":[3],"tags":[],"class_list":["post-89922","post","type-post","status-publish","format-standard","has-post-thumbnail","category-masnoticias"],"_links":{"self":[{"href":"https:\/\/primicias2262.com\/noticias\/wp-json\/wp\/v2\/posts\/89922","targetHints":{"allow":["GET"]}}],"collection":[{"href":"https:\/\/primicias2262.com\/noticias\/wp-json\/wp\/v2\/posts"}],"about":[{"href":"https:\/\/primicias2262.com\/noticias\/wp-json\/wp\/v2\/types\/post"}],"author":[{"embeddable":true,"href":"https:\/\/primicias2262.com\/noticias\/wp-json\/wp\/v2\/users\/3"}],"replies":[{"embeddable":true,"href":"https:\/\/primicias2262.com\/noticias\/wp-json\/wp\/v2\/comments?post=89922"}],"version-history":[{"count":0,"href":"https:\/\/primicias2262.com\/noticias\/wp-json\/wp\/v2\/posts\/89922\/revisions"}],"wp:attachment":[{"href":"https:\/\/primicias2262.com\/noticias\/wp-json\/wp\/v2\/media?parent=89922"}],"wp:term":[{"taxonomy":"category","embeddable":true,"href":"https:\/\/primicias2262.com\/noticias\/wp-json\/wp\/v2\/categories?post=89922"},{"taxonomy":"post_tag","embeddable":true,"href":"https:\/\/primicias2262.com\/noticias\/wp-json\/wp\/v2\/tags?post=89922"}],"curies":[{"name":"wp","href":"https:\/\/api.w.org\/{rel}","templated":true}]}}