{"id":89927,"date":"2022-05-17T13:25:46","date_gmt":"2022-05-17T16:25:46","guid":{"rendered":"https:\/\/primicias2262.com\/?p=89927"},"modified":"2022-05-17T13:25:46","modified_gmt":"2022-05-17T16:25:46","slug":"rojas-fijo-postura-sobre-la-carrera-de-motos-es-una-decision-politica-de-nuestro-gobierno","status":"publish","type":"post","link":"https:\/\/primicias2262.com\/noticias\/rojas-fijo-postura-sobre-la-carrera-de-motos-es-una-decision-politica-de-nuestro-gobierno\/","title":{"rendered":"Rojas fij\u00f3 postura sobre la carrera de motos: \u201cEs una decisi\u00f3n pol\u00edtica de nuestro gobierno\u201d"},"content":{"rendered":"<p>El intendente asegur\u00f3 que \u201cdeterminados pol\u00edticos se vieron acorralados y van buscando alg\u00fan artilugio pol\u00edtico y legal\u201d para oponerse a la gesti\u00f3n. \u201cMetieron denuncias a trav\u00e9s de algunos \u2018pseudo ambientalistas\u2019, y digo \u2018pseudo\u2019 porque hay algunos que son de cuarta\u201d, dispar\u00f3..<\/p>\n<p>Luego de la pol\u00e9mica desatada en el Concejo Deliberante por la realizaci\u00f3n de una carrera de motos en un campo privado a la altura de Costa Bonita, que tuvo un fuerte apoyo del Departamento Ejecutivo municipal por considerarla un evento que aporta al turismo fuera de temporada alta, el jefe comunal se mostr\u00f3 molesto por el tratamiento dado en el \u00f3rgano y acus\u00f3 a un sector de hacer \u201cpseudo ambientalismo\u201d para oponerse a la gesti\u00f3n.<\/p>\n<p>Aunque termin\u00f3 siendo aprobado por mayor\u00eda en la \u00faltima sesi\u00f3n el uso del espacio p\u00fablico para la instalaci\u00f3n de los boxes, la posici\u00f3n contraria a la llegada de la competencia propuso la revisi\u00f3n en comisi\u00f3n del expediente con el compromiso de aprobarlo por refer\u00e9ndum m\u00e1s cerca de la fecha de inicio, lo que provoc\u00f3 contrariedad en el arco oficialista.<\/p>\n<p>En declaraciones formuladas en el programa Voces de la Ciudad, Rojas asever\u00f3 que \u201cla pol\u00edtica tiene que mostrar voluntad o no para cuando viene un tipo de eventos como este, que para un sector es realmente atractivo y beneficioso para la ciudad, mientras que otro se opone de manera rotunda\u201d, enmarcando esta postura dentro de \u201cun juego pol\u00edtico para que esto se frene\u201d.<\/p>\n<p>En ese contexto, notoriamente ofuscado con la actitud de una parte del cuerpo legislativo, el intendente dijo en el aire de FM Vinilo 103.5 MHz que \u201cmetieron denuncias a trav\u00e9s de algunos \u2018pseudo ambientalistas\u2019, y digo \u2018pseudo\u2019 porque hay ambientalistas que son de cuarta, por ejemplo, concejales que vos ves que se oponen a la exploraci\u00f3n offshore de petroleras que van a estar a 400 kil\u00f3metros, pero no se oponen a echarle combustible a sus veh\u00edculos con los cuales transitan todos los d\u00edas, porque mientras que la explotaci\u00f3n no ocurra a la vista de ellos est\u00e1 bien\u201d.<\/p>\n<p>Sobre esta denuncia p\u00fablica realizada en el marco de un extenso mano a mano con el periodista Jorge G\u00f3mez, la m\u00e1xima autoridad municipal indic\u00f3: \u201cHay sectores de los que nos meten las denuncias permanentemente que est\u00e1n ligados a un sector del radicalismo, y trabajan por abajo\u00bb.<\/p>\n<p>\u00abEn la \u00e9poca que eran gobierno brillaban por su ausencia y hoy se oponen a cosas irrisorias, como a las veredas del frente costero, a una inversi\u00f3n de una cancha de tenis o a la limpieza del sector de V\u00eda Crucis, que se ven\u00eda haciendo todos los a\u00f1os, nada m\u00e1s que ahora lo vieron\u201d, puntualiz\u00f3<\/p>\n<p>Tras asegurar que la realizaci\u00f3n de la carrera de motocross es un hecho, porque \u201ces una decisi\u00f3n pol\u00edtica de nuestro gobierno\u201d, Rojas determin\u00f3 que \u201chay una oposici\u00f3n de determinados pol\u00edticos que se vieron acorralados y van buscando alg\u00fan artilugio pol\u00edtico y legal para decir \u2018yo no me quiero oponer\u2019, pero en realidad se quieren oponer, entonces hay que decirlo de frente\u201d, sentenci\u00f3.<\/p>\n","protected":false},"excerpt":{"rendered":"<p>El intendente asegur\u00f3 que \u201cdeterminados pol\u00edticos se vieron acorralados y van buscando alg\u00fan artilugio pol\u00edtico y legal\u201d para oponerse a la gesti\u00f3n. \u201cMetieron denuncias a trav\u00e9s de algunos \u2018pseudo ambientalistas\u2019, y digo \u2018pseudo\u2019 porque hay algunos que son de cuarta\u201d, dispar\u00f3.. Luego de la pol\u00e9mica desatada en el Concejo Deliberante por la realizaci\u00f3n de una [&hellip;]<\/p>\n","protected":false},"author":3,"featured_media":89928,"comment_status":"closed","ping_status":"closed","sticky":false,"template":"","format":"standard","meta":{"footnotes":""},"categories":[3],"tags":[],"class_list":["post-89927","post","type-post","status-publish","format-standard","has-post-thumbnail","category-masnoticias"],"_links":{"self":[{"href":"https:\/\/primicias2262.com\/noticias\/wp-json\/wp\/v2\/posts\/89927","targetHints":{"allow":["GET"]}}],"collection":[{"href":"https:\/\/primicias2262.com\/noticias\/wp-json\/wp\/v2\/posts"}],"about":[{"href":"https:\/\/primicias2262.com\/noticias\/wp-json\/wp\/v2\/types\/post"}],"author":[{"embeddable":true,"href":"https:\/\/primicias2262.com\/noticias\/wp-json\/wp\/v2\/users\/3"}],"replies":[{"embeddable":true,"href":"https:\/\/primicias2262.com\/noticias\/wp-json\/wp\/v2\/comments?post=89927"}],"version-history":[{"count":0,"href":"https:\/\/primicias2262.com\/noticias\/wp-json\/wp\/v2\/posts\/89927\/revisions"}],"wp:attachment":[{"href":"https:\/\/primicias2262.com\/noticias\/wp-json\/wp\/v2\/media?parent=89927"}],"wp:term":[{"taxonomy":"category","embeddable":true,"href":"https:\/\/primicias2262.com\/noticias\/wp-json\/wp\/v2\/categories?post=89927"},{"taxonomy":"post_tag","embeddable":true,"href":"https:\/\/primicias2262.com\/noticias\/wp-json\/wp\/v2\/tags?post=89927"}],"curies":[{"name":"wp","href":"https:\/\/api.w.org\/{rel}","templated":true}]}}