{"id":89950,"date":"2022-05-19T12:31:34","date_gmt":"2022-05-19T15:31:34","guid":{"rendered":"https:\/\/primicias2262.com\/?p=89950"},"modified":"2022-05-19T12:31:34","modified_gmt":"2022-05-19T15:31:34","slug":"el-centro-cultural-expone-libros-de-la-feria-internacional","status":"publish","type":"post","link":"https:\/\/primicias2262.com\/noticias\/el-centro-cultural-expone-libros-de-la-feria-internacional\/","title":{"rendered":"El Centro Cultural expone libros de la Feria Internacional"},"content":{"rendered":"<p>El Centro Cultural Necochea Biblioteca Popular Andr\u00e9s Ferreyra (CCN\/BPAF) compr\u00f3 150 libros en la 46\u00ba Feria Internacional del Libro de Buenos Aires, que ser\u00e1n expuestos en la Sala de ma\u00f1ana jueves y el viernes, y luego quedar\u00e1n a disposici\u00f3n de socios y usuarios.<\/p>\n<p>Los libros fueron adquiridos al 50% del valor de mercado, gracias al subsidio que otorga CONABIP (Comisi\u00f3n Nacional de Bibliotecas Populares), a trav\u00e9s del programa \u00abLibro %\u00bb. Este a\u00f1o, 992 Bibliotecas Populares fueron beneficiarias del programa, modalidad descentralizada que garantiza la provisi\u00f3n de material bibliogr\u00e1fico a las Bibliotecas Populares.<\/p>\n<p>Alberto Franco, director del CCN\/BPAF, manifest\u00f3 que fue una gran alegr\u00eda poder concurrir luego de dos a\u00f1os que no se hab\u00eda realizado con motivo de la pandemia. \u201cA lo largo de los tres d\u00edas que estuvimos, fueron jornadas muy intensas, porque hay que comprar los libros, hay charlas y capacitaciones espec\u00edficas para bibliotecas populares en simultaneo\u00bb indic\u00f3 y destac\u00f3 que tambi\u00e9n se afianzan v\u00ednculos con otras bibliotecas populares.<\/p>\n<p>La Biblioteca popular \u00abAndr\u00e9s Ferreyra\u00bb cont\u00f3 con 168 mil pesos y la Comisi\u00f3n Directiva decidi\u00f3 destinar \u00edntegramente todos los fondos a la compra de libros. \u00abEl 70% del material que compramos responde a pedidos de socios\u00bb, se\u00f1al\u00f3 Franco.<\/p>\n<p>En esta oportunidad, viajaron integrantes de la Comisi\u00f3n Directiva encabezada por su presidente Juan Marraro, adem\u00e1s del bibliotecario Sebasti\u00e1n Albizuri, y dem\u00e1s personal del CCN\/BPAF.<\/p>\n<p>Algunos de los t\u00edtulos adquiridos son: \u00abDiario de Pilar en India\u00bb de Flavia Lins e Ssilva; \u00abEl hechizo del agua\u00bb, Florencia Bonelli; \u00abGravity Falls\u00bb, serie de Disney; \u00abLa mansi\u00f3n\u00bb, Anne Jacobs; \u00abLady Jane\u00bb, Charlotte Grey; \u00abRoma soy yo\u00bb, Santiago Posteguillo, \u00abVioleta\u00bb, Isabel Allende; \u00abC\u00f3mo piensan los bosques\u00bb. Eduardo Kohn; \u00abPlantas tint\u00f3reas nativas\u00bb Luvini y Cristaldo; \u00abLas hijas del fr\u00edo\u00bb, Camila Lackberg: \u00abLos guardianes\u00bb, John Grisham; \u00abNoche de luz\u00bb, Jay Asher, \u00abPecadora\u00bb, Florencia Canale; \u00abLa \u00faltima vez\u00bb Guillermo Mart\u00ednez; \u00abEstr\u00e9s, sufrimiento, felicidad\u00bb, Daniel L\u00f3pez Rosetti; entre otros.<\/p>\n<p>Cabe recordar que el CCN\/BPAF est\u00e1 ubicado en calle 54 entre 61 y 63, y se encuentra abierto de lunes a viernes de 14:00 a 20:00 horas.<\/p>\n","protected":false},"excerpt":{"rendered":"<p>El Centro Cultural Necochea Biblioteca Popular Andr\u00e9s Ferreyra (CCN\/BPAF) compr\u00f3 150 libros en la 46\u00ba Feria Internacional del Libro de Buenos Aires, que ser\u00e1n expuestos en la Sala de ma\u00f1ana jueves y el viernes, y luego quedar\u00e1n a disposici\u00f3n de socios y usuarios. Los libros fueron adquiridos al 50% del valor de mercado, gracias al [&hellip;]<\/p>\n","protected":false},"author":3,"featured_media":89951,"comment_status":"closed","ping_status":"closed","sticky":false,"template":"","format":"standard","meta":{"footnotes":""},"categories":[3],"tags":[],"class_list":["post-89950","post","type-post","status-publish","format-standard","has-post-thumbnail","category-masnoticias"],"_links":{"self":[{"href":"https:\/\/primicias2262.com\/noticias\/wp-json\/wp\/v2\/posts\/89950","targetHints":{"allow":["GET"]}}],"collection":[{"href":"https:\/\/primicias2262.com\/noticias\/wp-json\/wp\/v2\/posts"}],"about":[{"href":"https:\/\/primicias2262.com\/noticias\/wp-json\/wp\/v2\/types\/post"}],"author":[{"embeddable":true,"href":"https:\/\/primicias2262.com\/noticias\/wp-json\/wp\/v2\/users\/3"}],"replies":[{"embeddable":true,"href":"https:\/\/primicias2262.com\/noticias\/wp-json\/wp\/v2\/comments?post=89950"}],"version-history":[{"count":0,"href":"https:\/\/primicias2262.com\/noticias\/wp-json\/wp\/v2\/posts\/89950\/revisions"}],"wp:attachment":[{"href":"https:\/\/primicias2262.com\/noticias\/wp-json\/wp\/v2\/media?parent=89950"}],"wp:term":[{"taxonomy":"category","embeddable":true,"href":"https:\/\/primicias2262.com\/noticias\/wp-json\/wp\/v2\/categories?post=89950"},{"taxonomy":"post_tag","embeddable":true,"href":"https:\/\/primicias2262.com\/noticias\/wp-json\/wp\/v2\/tags?post=89950"}],"curies":[{"name":"wp","href":"https:\/\/api.w.org\/{rel}","templated":true}]}}