{"id":89982,"date":"2022-05-20T13:07:44","date_gmt":"2022-05-20T16:07:44","guid":{"rendered":"https:\/\/primicias2262.com\/?p=89982"},"modified":"2022-05-20T13:07:44","modified_gmt":"2022-05-20T16:07:44","slug":"prefectura-recordara-el-lunes-la-actuacion-de-la-fuerza-en-la-guerra-de-malvinas","status":"publish","type":"post","link":"https:\/\/primicias2262.com\/noticias\/prefectura-recordara-el-lunes-la-actuacion-de-la-fuerza-en-la-guerra-de-malvinas\/","title":{"rendered":"Prefectura recordar\u00e1 el lunes la actuaci\u00f3n de la fuerza en la Guerra de Malvinas"},"content":{"rendered":"<p>El pr\u00f3ximo 23 de mayo, a las 11:00 hs, la Prefectura Quequ\u00e9n realizar\u00e1 en el Monumento Gesta de Malvinas, una ceremonia en conmemoraci\u00f3n a la actuaci\u00f3n de la fuerza en el conflicto b\u00e9lico del Atl\u00e1ntico Sur y al combate aeronaval del Guardacostas GC-83 R\u00edo Iguaz\u00fa.<\/p>\n<p>El acto ser\u00e1 presidido por el titular de la Prefectura, prefecto principal Marcos Antonio Luffi, y contar\u00e1 con la participaci\u00f3n de autoridades, invitados especiales y efectivos de la instituci\u00f3n en actividad y retirados.<\/p>\n<p>El 22 de mayo de 1982, el Guardacostas R\u00edo Iguaz\u00fa, que trasladaba personal y material del Ej\u00e9rcito Argentino hacia Puerto Darwin, fue atacado por dos aviones ingleses Sea Harrier. El ataque fue repelido por el personal.<\/p>\n<p>En esta fecha rendimos un justo homenaje a los miembros de la instituci\u00f3n que perdieron su vida o resultaron heridos como consecuencia del conflicto.<\/p>\n<p><strong><u>La historia<\/u><\/strong><\/p>\n<p>La ceremonia tiene como objetivo recordar el rol de la Prefectura en el \u00faltimo conflicto b\u00e9lico del Atl\u00e1ntico Sur, donde la historia reza que luego de la recuperaci\u00f3n de las Islas Malvinas, esa autoridad mar\u00edtima, destac\u00f3 personal y medios id\u00f3neos a los efectos de organizar e implementar los servicios de polic\u00eda mar\u00edtima y estudiar el asentamiento de la futura Prefectura y sus destacamentos.<\/p>\n<p>Para la gesta fueron afectados los Guardacostas GC-82 \u201cIslas Malvinas\u201d y el GC-83 \u00abR\u00edo Iguaz\u00fa\u00bb de 28 m. de eslora \u2013largo-, que el 6 de abril zarparon desde Buenos Aires con destino al archipi\u00e9lago, cumplieron la haza\u00f1a de navegar 600 millas n\u00e1uticas con adversas condiciones mareo-meteorol\u00f3gicas en el cruce, logrando arribar a las islas el 13 de ese mes, tras romper el d\u00eda anterior el bloqueo militar aeronaval impuesto e incluso evitar el asedio de un submarino nuclear brit\u00e1nico detectado durante la traves\u00eda.<\/p>\n<p>El Guardacostas \u201cIslas Malvinas\u201d fue el primero en entrar en combate el 1\u00b0 de mayo de 1982, cuando se encontraba fondeado en la bah\u00eda de la Anunciaci\u00f3n y fuera sobrevolado por un helic\u00f3ptero Sea King ingl\u00e9s para luego ser atacado con fuego de ametralladora. Se estaba librando el<strong> 1\u00b0combate aeronaval en la historia contempor\u00e1nea argentina<em>.<\/em><\/strong><\/p>\n<p>El Guardacostas respondi\u00f3 con armamento policial repeliendo el ataque caus\u00e1ndole aver\u00edas a la nave enemiga, resultando herido el Cabo Antonio Grigolatto, luego de haber agotado las municiones de su armamento.<\/p>\n<p>En esta acci\u00f3n cabe destacar la valerosa y decidida acci\u00f3n del Ayudante de 3\u00aa <strong>Marcelino Blatter<\/strong> quien al ver que no se pod\u00eda levar el ancla atascada en el fondo rocoso, se desplaz\u00f3 por la cubierta de proa desde donde ven\u00eda el ataque, portando como \u00fanica arma una sierra de mano con la que pudo cortar la gruesa cadena en un tit\u00e1nico esfuerzo, recuperando la maniobrabilidad de la nave que al aumentar su capacidad de defensa motiv\u00f3 la retirada de la aeronave enemiga.<\/p>\n<p>El guardacostas \u201cR\u00edo Iguaz\u00fa\u201d, por su parte, hab\u00eda zarpado el 22 de mayo muy temprano con destino a Pto. Darwin transportando personal y material del Ej\u00e9rcito Argentino, cuando a las 8.25 horas fue atacado por 2 aviones ingleses Sea Harrier, repeli\u00e9ndose con las ametralladoras Browning 12,7 mm propias.<\/p>\n<p>En dichas acciones perdi\u00f3 la vida el Cabo 2\u00ba <strong>Julio Omar Ben\u00edtez<\/strong> mientras operaba la ametralladora, resultando adem\u00e1s heridos el Oficial Principal <strong>Gabino Gonz\u00e1lez<\/strong>, el Ayudante de 3\u00aa <strong>Juan Jos\u00e9 Baccaro<\/strong> y el Cabo 2\u00ba <strong>Carlos Bengochea.<\/strong><\/p>\n<p>En esa oportunidad el Cabo 2\u00ba <strong>Jos\u00e9 Ra\u00fal Iba\u00f1ez<\/strong> tom\u00f3 la posici\u00f3n que ocupaba Ben\u00edtez y repeli\u00f3 la agresi\u00f3n logrando derribar a uno de los aparatos enemigos, y darle fuga al segundo avi\u00f3n.<\/p>\n","protected":false},"excerpt":{"rendered":"<p>El pr\u00f3ximo 23 de mayo, a las 11:00 hs, la Prefectura Quequ\u00e9n realizar\u00e1 en el Monumento Gesta de Malvinas, una ceremonia en conmemoraci\u00f3n a la actuaci\u00f3n de la fuerza en el conflicto b\u00e9lico del Atl\u00e1ntico Sur y al combate aeronaval del Guardacostas GC-83 R\u00edo Iguaz\u00fa. El acto ser\u00e1 presidido por el titular de la Prefectura, [&hellip;]<\/p>\n","protected":false},"author":3,"featured_media":89983,"comment_status":"closed","ping_status":"closed","sticky":false,"template":"","format":"standard","meta":{"footnotes":""},"categories":[3],"tags":[],"class_list":["post-89982","post","type-post","status-publish","format-standard","has-post-thumbnail","category-masnoticias"],"_links":{"self":[{"href":"https:\/\/primicias2262.com\/noticias\/wp-json\/wp\/v2\/posts\/89982","targetHints":{"allow":["GET"]}}],"collection":[{"href":"https:\/\/primicias2262.com\/noticias\/wp-json\/wp\/v2\/posts"}],"about":[{"href":"https:\/\/primicias2262.com\/noticias\/wp-json\/wp\/v2\/types\/post"}],"author":[{"embeddable":true,"href":"https:\/\/primicias2262.com\/noticias\/wp-json\/wp\/v2\/users\/3"}],"replies":[{"embeddable":true,"href":"https:\/\/primicias2262.com\/noticias\/wp-json\/wp\/v2\/comments?post=89982"}],"version-history":[{"count":0,"href":"https:\/\/primicias2262.com\/noticias\/wp-json\/wp\/v2\/posts\/89982\/revisions"}],"wp:attachment":[{"href":"https:\/\/primicias2262.com\/noticias\/wp-json\/wp\/v2\/media?parent=89982"}],"wp:term":[{"taxonomy":"category","embeddable":true,"href":"https:\/\/primicias2262.com\/noticias\/wp-json\/wp\/v2\/categories?post=89982"},{"taxonomy":"post_tag","embeddable":true,"href":"https:\/\/primicias2262.com\/noticias\/wp-json\/wp\/v2\/tags?post=89982"}],"curies":[{"name":"wp","href":"https:\/\/api.w.org\/{rel}","templated":true}]}}